{"id":737590,"date":"2014-06-04T16:05:08","date_gmt":"2014-06-04T14:05:08","guid":{"rendered":"https:\/\/dailynewshungary.com\/it\/tutti-gli-alleati-della-nato-possono-contare-sul-sostegno-degli-stati-uniti-afferma-ader\/"},"modified":"2014-06-04T16:05:08","modified_gmt":"2014-06-04T14:05:08","slug":"tutti-gli-alleati-della-nato-possono-contare-sul-sostegno-degli-stati-uniti-afferma-ader","status":"publish","type":"post","link":"https:\/\/dailynewshungary.com\/it\/tutti-gli-alleati-della-nato-possono-contare-sul-sostegno-degli-stati-uniti-afferma-ader\/","title":{"rendered":"Tutti gli alleati della NATO possono contare sul sostegno degli Stati Uniti, afferma Ader"},"content":{"rendered":"<p><strong>Varsavia, 4 giugno (MTI) Il presidente degli Stati Uniti Barack Obama, incontrando i capi di stato di dieci paesi dell&#8217;Europa centrale e orientale durante un pranzo di lavoro a Varsavia, ha sottolineato che tutti i paesi membri della NATO possono contare sul sostegno degli Stati Uniti, il presidente Janos Ader ha detto ai giornalisti ungheresi marted\u00ec scorso.<\/strong><\/p>\n<p>Ader ha detto che la dichiarazione di Obama secondo cui nessuno pu\u00f2 togliere a queste nazioni ci\u00f2 che \u00e8 stato costruito negli ultimi 25 anni lo ha convinto che i cittadini ungheresi hanno preso la decisione giusta quando hanno scelto di aderire alla NATO nel referendum del novembre 1997.<\/p>\n<p>I colloqui si sono concentrati sulla crisi ucraina, sull&#8217;approvvigionamento energetico sicuro e sul futuro della NATO, ha affermato.<\/p>\n<p>Ader ha affermato che i paesi di Visegrad sono tutti del parere che la presenza militare americana dovrebbe essere rafforzata in Europa.<\/p>\n<p>Ader ha osservato che l&#8217;Ungheria non ha rispettato i suoi obblighi riguardanti il bilancio della NATO Per questo motivo, il governo ha deciso che dal 2016 si impegner\u00e0 per raggiungere gradualmente la media degli Stati membri.<\/p>\n<p><em>Foto: MTI \u2013 Laszlo Belicz<\/em><\/p>\n","protected":false},"excerpt":{"rendered":"<p>Varsavia, 4 giugno (MTI) Il presidente degli Stati Uniti Barack Obama, incontrando i capi di stato di dieci paesi dell&#8217;Europa centrale e orientale durante un pranzo di lavoro a Varsavia, ha sottolineato che tutti i paesi membri della NATO possono contare sul sostegno degli Stati Uniti, il presidente Janos Ader ha detto ai giornalisti ungheresi [&hellip;]<\/p>\n","protected":false},"author":2,"featured_media":737591,"comment_status":"open","ping_status":"open","sticky":false,"template":"","format":"standard","meta":{"_display_image":"","footnotes":""},"categories":[1185],"tags":[1420,1111],"class_list":["post-737590","post","type-post","status-publish","format-standard","has-post-thumbnail","hentry","category-politica-in-ungheria","tag-nato","tag-stati-uniti"],"blocksy_meta":[],"author_username":"alk","telegram_post":"","public_post_metadata":{"breaking_news":"","important":"","csempe":"","center_tile":"","disable_thumbnail":"","target_lang":"","_featured_image_style":"","telegram_post":"","_xlat_group_id":""},"public_rank_math_data":{"title":"%titolo% %sep% %nomesito%","description":"","focus_keyword":"","canonical_url":"","robots":"","primary_category":"1185","breadcrumb_title":"","facebook_title":"","facebook_description":"","facebook_image":"","facebook_image_id":"","twitter_title":"","twitter_description":"","twitter_image":"","twitter_image_id":"","twitter_card_type":"","twitter_use_facebook":"","advanced_robots":"","pillar_content":"","seo_score":"","contentai_score":"","rich_snippet":""},"_links":{"self":[{"href":"https:\/\/dailynewshungary.com\/it\/wp-json\/wp\/v2\/posts\/737590","targetHints":{"allow":["GET"]}}],"collection":[{"href":"https:\/\/dailynewshungary.com\/it\/wp-json\/wp\/v2\/posts"}],"about":[{"href":"https:\/\/dailynewshungary.com\/it\/wp-json\/wp\/v2\/types\/post"}],"author":[{"embeddable":true,"href":"https:\/\/dailynewshungary.com\/it\/wp-json\/wp\/v2\/users\/2"}],"replies":[{"embeddable":true,"href":"https:\/\/dailynewshungary.com\/it\/wp-json\/wp\/v2\/comments?post=737590"}],"version-history":[{"count":0,"href":"https:\/\/dailynewshungary.com\/it\/wp-json\/wp\/v2\/posts\/737590\/revisions"}],"wp:featuredmedia":[{"embeddable":true,"href":"https:\/\/dailynewshungary.com\/it\/wp-json\/wp\/v2\/media\/737591"}],"wp:attachment":[{"href":"https:\/\/dailynewshungary.com\/it\/wp-json\/wp\/v2\/media?parent=737590"}],"wp:term":[{"taxonomy":"category","embeddable":true,"href":"https:\/\/dailynewshungary.com\/it\/wp-json\/wp\/v2\/categories?post=737590"},{"taxonomy":"post_tag","embeddable":true,"href":"https:\/\/dailynewshungary.com\/it\/wp-json\/wp\/v2\/tags?post=737590"}],"curies":[{"name":"wp","href":"https:\/\/api.w.org\/{rel}","templated":true}]}}