{"id":737616,"date":"2014-06-02T19:32:28","date_gmt":"2014-06-02T17:32:28","guid":{"rendered":"https:\/\/dailynewshungary.com\/it\/luniversita-di-szeged-ha-compiuto-433-anni-a-maggio\/"},"modified":"2014-06-02T19:32:28","modified_gmt":"2014-06-02T17:32:28","slug":"luniversita-di-szeged-ha-compiuto-433-anni-a-maggio","status":"publish","type":"post","link":"https:\/\/dailynewshungary.com\/it\/luniversita-di-szeged-ha-compiuto-433-anni-a-maggio\/","title":{"rendered":"L\u2019Universit\u00e0 di Szeged ha compiuto 433 anni a maggio"},"content":{"rendered":"<p><strong><span style=\"font-size: 14px; line-height: 1.5em;\">Istv\u00e1n B\u00e1thory, principe di Transilvania, diede il diploma di fondatore al predecessore della SZTE, l&#8217;Universit\u00e0 di Kolozsv\u00e1r, il 12 maggio 1581. Ricordando l&#8217;evento accaduto 433 anni fa, ci fu una commemorazione al busto di Istv\u00e1n B\u00e1thory a Szeged.<\/span><\/strong><\/p>\n<p>I professori dell&#8217;Universit\u00e0 di Szeged celebravano sotto lo sguardo stretto di Istv\u00e1n B\u00e1thory. 433 anni, da quando il principe di Transilvania ha rilasciato il diploma di fondatore dell&#8217;Universit\u00e0 di Kolozsv\u00e1r a Vilnius. Come ricordo, l&#8217;Universit\u00e0 di Szeged e l&#8217;Accademia ungherese delle scienze hanno deposto la corona al Pantheon della piazza D\u00f3m.<\/p>\n<p>\u201eDopo che la storia dell&#8217;universit\u00e0 \u00e8 stata pubblicata il primo curriculum della storia 2015 dopo che le ricerche hanno continuato sono state pubblicate alcuni anni fa: il comitato di storia dell&#8217;universit\u00e0 ha iniziato una grande raccolta di documenti, quindi in breve tempo il secondo curriculum sar\u00e0 finito Questo introdurr\u00e0 il periodo tra il 1872 1919 Il 12 maggio \u00e8 un momento di felicit\u00e0 perch\u00e9 questo \u00e8 stato il giorno in cui \u00e8 uscito il diploma di fondatore latino, d&#8217;altra parte questo \u00e8 un momento di tristezza, perch\u00e9 il 12 maggio 1919 le truppe rumene occuparono la nostra istituzione predecessore, e chiusero l&#8217;universit\u00e0 ungherese.\u201d &#8211; ha detto J\u00f3zsef P\u00e1l, vice-rettore degli affari pubblici e membro del consiglio dell&#8217;Accademia ungherese delle scienze, in base alla decisione della SZTE nel 207, l&#8217;universit\u00e0 pensa oggi al predecessore come patrimonio intellettuale dell&#8217;universit\u00e0 moderna.<\/p>\n<p>Secondo L\u00e1szl\u00f3 Marjanucz (storico della SZTE, leader della cattedra storica ungherese moderna): B\u00e1thory fond\u00f2 un&#8217;universit\u00e0 per ungheresi, che era in grado di fornire la stessa conoscenza di qualsiasi tipo di universit\u00e0 in Europa. In quel periodo non c&#8217;erano possibilit\u00e0 di frequentare l&#8217;istruzione superiore all&#8217;interno del paese, quindi se qualcuno voleva imparare era necessario andare all&#8217;estero. Istv\u00e1nB\u00e1thory era un vero aristocratico e il pi\u00f9 grande dei suoi tempi (divent\u00f2 re polacco e granduca di Lituania), e con questo atto fece i primi passi per costruire un centro di conoscenza.<\/p>\n<p>All&#8217;evento hanno partecipato molti professori, J\u00f3zsef Moln\u00e1r professore di medicina, membro del comitato di storia dell&#8217;universit\u00e0, Tam\u00e1sVajda, leader degli archivi universitari, e Istv\u00e1n Hannus professore di chimica.<\/p>\n<p><em>basato sull&#8217;articolo di szegedma.hu<\/em><br \/>\n<em>tradotto da AKOS<\/em><\/p>\n<p><em>Foto: Facebook<\/em><\/p>\n","protected":false},"excerpt":{"rendered":"<p>Istv\u00e1n B\u00e1thory, principe di Transilvania, diede il diploma di fondatore al predecessore della SZTE, l&#8217;Universit\u00e0 di Kolozsv\u00e1r, il 12 maggio 1581. Ricordando l&#8217;evento accaduto 433 anni fa, ci fu una commemorazione al busto di Istv\u00e1n B\u00e1thory a Szeged. I professori dell&#8217;Universit\u00e0 di Szeged celebravano sotto lo sguardo stretto di Istv\u00e1n B\u00e1thory. 433 anni, da quando [&hellip;]<\/p>\n","protected":false},"author":2,"featured_media":737617,"comment_status":"open","ping_status":"open","sticky":false,"template":"","format":"standard","meta":{"_display_image":"","footnotes":""},"categories":[1304],"tags":[1835],"class_list":["post-737616","post","type-post","status-publish","format-standard","has-post-thumbnail","hentry","category-cultura-in-ungheria","tag-educazione"],"blocksy_meta":[],"author_username":"alk","telegram_post":"","public_post_metadata":{"breaking_news":"","important":"","csempe":"","center_tile":"","disable_thumbnail":"","target_lang":"","_featured_image_style":"","telegram_post":"","_xlat_group_id":""},"public_rank_math_data":{"title":"%titolo% %sep% %nomesito%","description":"","focus_keyword":"","canonical_url":"","robots":"","primary_category":"1304","breadcrumb_title":"","facebook_title":"","facebook_description":"","facebook_image":"","facebook_image_id":"","twitter_title":"","twitter_description":"","twitter_image":"","twitter_image_id":"","twitter_card_type":"","twitter_use_facebook":"","advanced_robots":"","pillar_content":"","seo_score":"","contentai_score":"","rich_snippet":""},"_links":{"self":[{"href":"https:\/\/dailynewshungary.com\/it\/wp-json\/wp\/v2\/posts\/737616","targetHints":{"allow":["GET"]}}],"collection":[{"href":"https:\/\/dailynewshungary.com\/it\/wp-json\/wp\/v2\/posts"}],"about":[{"href":"https:\/\/dailynewshungary.com\/it\/wp-json\/wp\/v2\/types\/post"}],"author":[{"embeddable":true,"href":"https:\/\/dailynewshungary.com\/it\/wp-json\/wp\/v2\/users\/2"}],"replies":[{"embeddable":true,"href":"https:\/\/dailynewshungary.com\/it\/wp-json\/wp\/v2\/comments?post=737616"}],"version-history":[{"count":0,"href":"https:\/\/dailynewshungary.com\/it\/wp-json\/wp\/v2\/posts\/737616\/revisions"}],"wp:featuredmedia":[{"embeddable":true,"href":"https:\/\/dailynewshungary.com\/it\/wp-json\/wp\/v2\/media\/737617"}],"wp:attachment":[{"href":"https:\/\/dailynewshungary.com\/it\/wp-json\/wp\/v2\/media?parent=737616"}],"wp:term":[{"taxonomy":"category","embeddable":true,"href":"https:\/\/dailynewshungary.com\/it\/wp-json\/wp\/v2\/categories?post=737616"},{"taxonomy":"post_tag","embeddable":true,"href":"https:\/\/dailynewshungary.com\/it\/wp-json\/wp\/v2\/tags?post=737616"}],"curies":[{"name":"wp","href":"https:\/\/api.w.org\/{rel}","templated":true}]}}