{"id":737620,"date":"2014-06-02T16:10:52","date_gmt":"2014-06-02T14:10:52","guid":{"rendered":"https:\/\/dailynewshungary.com\/it\/profilo-del-ministero-degli-esteri-da-aumentare-afferma-navracsics\/"},"modified":"2014-06-02T16:10:52","modified_gmt":"2014-06-02T14:10:52","slug":"profilo-del-ministero-degli-esteri-da-aumentare-afferma-navracsics","status":"publish","type":"post","link":"https:\/\/dailynewshungary.com\/it\/profilo-del-ministero-degli-esteri-da-aumentare-afferma-navracsics\/","title":{"rendered":"Profilo del Ministero degli Esteri da aumentare, afferma Navracsics"},"content":{"rendered":"<p><strong>Budapest, 2 giugno (MTI) Il ministero degli Esteri ungherese, che si occuper\u00e0 degli affari economici esterni, aumenter\u00e0 la sua visibilit\u00e0, ha detto oggi in un&#8217;intervista alla radio pubblica il nuovo capo del ministero, Tibor Navracsics.<\/strong><\/p>\n<p>Navracsics dice che si aspetta di guidare il ministero temporaneamente fino a quando non sar\u00e0 nominato commissario europeo Ha detto a Kossuth Radio che fino ad ora il ministero nazionale dell&#8217;economia e l&#8217;ufficio di gabinetto avevano condiviso la responsabilit\u00e0 per gli affari economici esterni Ora il ministero degli esteri si assumer\u00e0 anche quella responsabilit\u00e0 e di conseguenza diventer\u00e0 pi\u00f9 forte, ha aggiunto.<\/p>\n<p>Ha detto che il compito del ministro degli Esteri sarebbe quello di organizzare le relazioni estere dell&#8217;Ungheria oltre a rappresentare il paese, e questo pu\u00f2 comportare sia la cooperazione che il conflitto Si spera, nella maggior parte delle aree sar\u00e0 possibile formare una cooperazione, ha detto, ma proteggere gli interessi ungheresi pu\u00f2 comportare anche il conflitto.<\/p>\n<p>Navracsics ha detto di essersi impegnato a dirigere il ministero per quattro anni, ma il primo ministro Viktor Orban aveva espresso l&#8217;intenzione di nominarlo come prossimo commissario europeo dell&#8217;Ungheria.<\/p>\n<p>\u201cIn politica il futuro \u00e8 sempre incerto, ha detto\u201d, ma per il momento si concentrer\u00e0 sui compiti di ministro degli Esteri, ha aggiunto.<\/p>\n<p>Navracs, il vice primo ministro che ha anche diretto il ministero della pubblica amministrazione e della giustizia nel secondo mandato di Orban, ha detto che la riforma del nuovo sistema di pubblica amministrazione \u00e8 ormai completa Ha detto che era stato necessario introdurre un ministero che si concentrava sulla pubblica amministrazione dal momento che c&#8217;era stata una forte necessit\u00e0 di rinnovare il sistema Mentre la rete delle cosiddette finestre governative (government windows) uno sportello unico per i cittadini che organizzano i loro affari doveva ancora essere completata, questo ormai era semplicemente un compito informatico, ha aggiunto.<\/p>\n<p>Ha preso atto del nuovo codice penale, codice civile, costituzione e delle relative leggi cardinali, dimostrando che in circostanze democratiche, l&#8217;Ungheria non ha mai avuto un processo legislativo cos\u00ec intenso, rinnovando cos\u00ec l&#8217;intero sistema giuridico ungherese.<\/p>\n<p>In relazione alle elezioni parlamentari europee, ha detto che Fidesz ha ottenuto una massiccia vittoria in Ungheria. Qui non \u00e8 stato cos\u00ec che gli estremisti hanno fatto una svolta, ha detto.<\/p>\n<p><em>Foto: fidesz.hu<\/em><\/p>\n","protected":false},"excerpt":{"rendered":"<p>Budapest, 2 giugno (MTI) Il ministero degli Esteri ungherese, che si occuper\u00e0 degli affari economici esterni, aumenter\u00e0 la sua visibilit\u00e0, ha detto oggi in un&#8217;intervista alla radio pubblica il nuovo capo del ministero, Tibor Navracsics. Navracsics dice che si aspetta di guidare il ministero temporaneamente fino a quando non sar\u00e0 nominato commissario europeo Ha detto [&hellip;]<\/p>\n","protected":false},"author":2,"featured_media":737621,"comment_status":"open","ping_status":"open","sticky":false,"template":"","format":"standard","meta":{"_display_image":"","footnotes":""},"categories":[1185],"tags":[1092],"class_list":["post-737620","post","type-post","status-publish","format-standard","has-post-thumbnail","hentry","category-politica-in-ungheria","tag-ministero-degli-affari-esteri-dellungheria"],"blocksy_meta":[],"author_username":"alk","telegram_post":"","public_post_metadata":{"breaking_news":"","important":"","csempe":"","center_tile":"","disable_thumbnail":"","target_lang":"","_featured_image_style":"","telegram_post":"","_xlat_group_id":""},"public_rank_math_data":{"title":"%titolo% %sep% %nomesito%","description":"","focus_keyword":"","canonical_url":"","robots":"","primary_category":"1185","breadcrumb_title":"","facebook_title":"","facebook_description":"","facebook_image":"","facebook_image_id":"","twitter_title":"","twitter_description":"","twitter_image":"","twitter_image_id":"","twitter_card_type":"","twitter_use_facebook":"","advanced_robots":"","pillar_content":"","seo_score":"","contentai_score":"","rich_snippet":""},"_links":{"self":[{"href":"https:\/\/dailynewshungary.com\/it\/wp-json\/wp\/v2\/posts\/737620","targetHints":{"allow":["GET"]}}],"collection":[{"href":"https:\/\/dailynewshungary.com\/it\/wp-json\/wp\/v2\/posts"}],"about":[{"href":"https:\/\/dailynewshungary.com\/it\/wp-json\/wp\/v2\/types\/post"}],"author":[{"embeddable":true,"href":"https:\/\/dailynewshungary.com\/it\/wp-json\/wp\/v2\/users\/2"}],"replies":[{"embeddable":true,"href":"https:\/\/dailynewshungary.com\/it\/wp-json\/wp\/v2\/comments?post=737620"}],"version-history":[{"count":0,"href":"https:\/\/dailynewshungary.com\/it\/wp-json\/wp\/v2\/posts\/737620\/revisions"}],"wp:featuredmedia":[{"embeddable":true,"href":"https:\/\/dailynewshungary.com\/it\/wp-json\/wp\/v2\/media\/737621"}],"wp:attachment":[{"href":"https:\/\/dailynewshungary.com\/it\/wp-json\/wp\/v2\/media?parent=737620"}],"wp:term":[{"taxonomy":"category","embeddable":true,"href":"https:\/\/dailynewshungary.com\/it\/wp-json\/wp\/v2\/categories?post=737620"},{"taxonomy":"post_tag","embeddable":true,"href":"https:\/\/dailynewshungary.com\/it\/wp-json\/wp\/v2\/tags?post=737620"}],"curies":[{"name":"wp","href":"https:\/\/api.w.org\/{rel}","templated":true}]}}