{"id":737734,"date":"2014-05-26T11:00:51","date_gmt":"2014-05-26T09:00:51","guid":{"rendered":"https:\/\/dailynewshungary.com\/it\/elezioni-del-parlamento-europeo-jobbik-second-power-dice-vonaik\/"},"modified":"2014-05-26T11:00:51","modified_gmt":"2014-05-26T09:00:51","slug":"elezioni-del-parlamento-europeo-jobbik-second-power-dice-vonaik","status":"publish","type":"post","link":"https:\/\/dailynewshungary.com\/it\/elezioni-del-parlamento-europeo-jobbik-second-power-dice-vonaik\/","title":{"rendered":"Elezioni del Parlamento europeo, Jobbik Second Power, dice Vonaik"},"content":{"rendered":"<p><strong>Budapest, 6 maggio (MTI) 2 Il partito nazionalista radicale Jobbik \u00e8 riuscito a raggiungere il suo obiettivo nelle elezioni europee, diventando la seconda potenza dell&#8217;Ungheria, ha detto domenica sera il leader del partito Gabor Vona, dopo la pubblicazione dei risultati.<\/strong><\/p>\n<p>Jobbik vinse tre seggi nel prossimo Parlamento europeo.<\/p>\n<p>Ha detto che uno dei messaggi importanti delle elezioni del Parlamento europeo per la politica interna \u00e8 che Jobbik \u00e8 ora il secondo potere e che i socialisti sono crollati. Ne consegue che Jobbik pu\u00f2 diventare lo sfidante di F \u201c, una grande responsabilit\u00e0, ha detto Vona.<\/p>\n<p>La bassa affluenza alle urne \u00e8 un avvertimento, che indica che la societ\u00e0 ungherese non si fida dell&#8217;Unione europea, ha affermato.<\/p>\n<blockquote>\n<p>\u201cIl successo dei partiti euroscettici ed eurorealisti in tutta Europa dimostra anche che tutti noi vorremmo avere un&#8217;Europa comune ma qualcosa di totalmente diverso da ci\u00f2 che ci viene offerto adesso.\u201d<\/p>\n<\/blockquote>\n<p>Krisztina Morvai, la principale candidata eurodeputata del partito, ha affermato che Jobbik \u00e8 stato in grado di produrre tali risultati in circostanze in cui i media, i servizi segreti e l&#8217;accusa sono sotto il controllo politico diretto.\u201d<\/p>\n<p>\u201cMa centinaia di migliaia di persone hanno dimostrato che gli anni Cinquanta non possono essere riportati indietro, ha detto la\u201d.<\/p>\n<p><em>Foto: MTI \u2013 Janos Marjai<\/em><\/p>\n","protected":false},"excerpt":{"rendered":"<p>Budapest, 6 maggio (MTI) 2 Il partito nazionalista radicale Jobbik \u00e8 riuscito a raggiungere il suo obiettivo nelle elezioni europee, diventando la seconda potenza dell&#8217;Ungheria, ha detto domenica sera il leader del partito Gabor Vona, dopo la pubblicazione dei risultati. Jobbik vinse tre seggi nel prossimo Parlamento europeo. Ha detto che uno dei messaggi importanti [&hellip;]<\/p>\n","protected":false},"author":2,"featured_media":737735,"comment_status":"open","ping_status":"open","sticky":false,"template":"","format":"standard","meta":{"_display_image":"","footnotes":""},"categories":[1185],"tags":[1412],"class_list":["post-737734","post","type-post","status-publish","format-standard","has-post-thumbnail","hentry","category-politica-in-ungheria","tag-jobbik"],"blocksy_meta":[],"author_username":"alk","telegram_post":"","public_post_metadata":{"breaking_news":"","important":"","csempe":"","center_tile":"","disable_thumbnail":"","target_lang":"","_featured_image_style":"","telegram_post":"","_xlat_group_id":""},"public_rank_math_data":{"title":"%titolo% %sep% %nomesito%","description":"","focus_keyword":"","canonical_url":"","robots":"","primary_category":"1185","breadcrumb_title":"","facebook_title":"","facebook_description":"","facebook_image":"","facebook_image_id":"","twitter_title":"","twitter_description":"","twitter_image":"","twitter_image_id":"","twitter_card_type":"","twitter_use_facebook":"","advanced_robots":"","pillar_content":"","seo_score":"","contentai_score":"","rich_snippet":""},"_links":{"self":[{"href":"https:\/\/dailynewshungary.com\/it\/wp-json\/wp\/v2\/posts\/737734","targetHints":{"allow":["GET"]}}],"collection":[{"href":"https:\/\/dailynewshungary.com\/it\/wp-json\/wp\/v2\/posts"}],"about":[{"href":"https:\/\/dailynewshungary.com\/it\/wp-json\/wp\/v2\/types\/post"}],"author":[{"embeddable":true,"href":"https:\/\/dailynewshungary.com\/it\/wp-json\/wp\/v2\/users\/2"}],"replies":[{"embeddable":true,"href":"https:\/\/dailynewshungary.com\/it\/wp-json\/wp\/v2\/comments?post=737734"}],"version-history":[{"count":0,"href":"https:\/\/dailynewshungary.com\/it\/wp-json\/wp\/v2\/posts\/737734\/revisions"}],"wp:featuredmedia":[{"embeddable":true,"href":"https:\/\/dailynewshungary.com\/it\/wp-json\/wp\/v2\/media\/737735"}],"wp:attachment":[{"href":"https:\/\/dailynewshungary.com\/it\/wp-json\/wp\/v2\/media?parent=737734"}],"wp:term":[{"taxonomy":"category","embeddable":true,"href":"https:\/\/dailynewshungary.com\/it\/wp-json\/wp\/v2\/categories?post=737734"},{"taxonomy":"post_tag","embeddable":true,"href":"https:\/\/dailynewshungary.com\/it\/wp-json\/wp\/v2\/tags?post=737734"}],"curies":[{"name":"wp","href":"https:\/\/api.w.org\/{rel}","templated":true}]}}