{"id":737810,"date":"2014-05-22T07:58:39","date_gmt":"2014-05-22T05:58:39","guid":{"rendered":"https:\/\/dailynewshungary.com\/it\/elezioni-del-parlamento-europeo-lotta-contro-linquietudine-sociale-il-compito-piu-grande-di-jobbik-afferma-vona\/"},"modified":"2014-05-22T07:58:39","modified_gmt":"2014-05-22T05:58:39","slug":"elezioni-del-parlamento-europeo-lotta-contro-linquietudine-sociale-il-compito-piu-grande-di-jobbik-afferma-vona","status":"publish","type":"post","link":"https:\/\/dailynewshungary.com\/it\/elezioni-del-parlamento-europeo-lotta-contro-linquietudine-sociale-il-compito-piu-grande-di-jobbik-afferma-vona\/","title":{"rendered":"Elezioni del Parlamento europeo Lotta contro l\u2019inquietudine sociale Il compito pi\u00f9 grande di Jobbik, afferma Vona"},"content":{"rendered":"<p><strong>Il compito pi\u00f9 grande che il partito nazionalista radicale Jobbik deve affrontare al Parlamento europeo \u00e8 appianare le disparit\u00e0 sociali ed esistenziali tra i paesi occidentali e l&#8217;Ungheria, ha detto mercoled\u00ec il leader del partito in una conferenza stampa.<\/strong><\/p>\n<p>Gabor Vona ha affermato che l&#8217;adesione dell&#8217;Ungheria all&#8217;Unione Europea \u00e8 stata un&#8217;enorme truffa. Nel 2003 le persone hanno legittimamente chiesto una riduzione delle disparit\u00e0, nonch\u00e9 del lavoro dignitoso e dei mezzi di sussistenza, ma ci\u00f2 non si \u00e8 concretizzato, ha affermato.<\/p>\n<p>Questa non \u00e8 colpa dei vecchi membri dell\u2019UE, ma la colpa \u00e8 di Fidesz e del suo predecessore al potere, i socialisti, per aver ceduto la\u201d durante i colloqui di adesione e tradito gli interessi nazionali nel loro lavoro successivo.<\/p>\n<p>Jobbik ha due obiettivi specifici quando si tratta di promuovere ancora una volta gli interessi nazionali di \u201ctradite\u201d nell\u2019UE: ridurre il divario tra il salario medio europeo e la retribuzione degli ungheresi e riavviare la produzione nell\u2019economia. Ha detto che entrambi gli obiettivi andrebbero contro alcune norme europee come il principio della libera concorrenza, ma gli ungheresi, ha detto, dovrebbero ottenere lo stesso salario per lo stesso lavoro svolto dai loro colleghi europei.<\/p>\n<p>Vona ha detto che l&#8217;Ungheria ha bisogno di mercati ma \u00e8 difficile immaginare che si aprirebbero mercati di nicchia per i prodotti ungheresi in luoghi come Danimarca, Germania, Olanda o Francia Cos\u00ec gli eurodeputati Jobbik dovrebbero lavorare per garantire che i mercati ungheresi riacquistino la loro portata, ha detto, aggiungendo che l&#8217;80 per cento degli scaffali dei centri commerciali e dei rivenditori nel paese dovrebbe, se gli ungheresi sono in grado di produrli, essere rifornito di prodotti ungheresi.<\/p>\n<p><em>Foto: MTI \u2013 Janos Marjai<\/em><\/p>\n","protected":false},"excerpt":{"rendered":"<p>Il compito pi\u00f9 grande che il partito nazionalista radicale Jobbik deve affrontare al Parlamento europeo \u00e8 appianare le disparit\u00e0 sociali ed esistenziali tra i paesi occidentali e l&#8217;Ungheria, ha detto mercoled\u00ec il leader del partito in una conferenza stampa. Gabor Vona ha affermato che l&#8217;adesione dell&#8217;Ungheria all&#8217;Unione Europea \u00e8 stata un&#8217;enorme truffa. Nel 2003 le [&hellip;]<\/p>\n","protected":false},"author":2,"featured_media":737811,"comment_status":"open","ping_status":"open","sticky":false,"template":"","format":"standard","meta":{"_display_image":"","footnotes":""},"categories":[1185],"tags":[1412],"class_list":["post-737810","post","type-post","status-publish","format-standard","has-post-thumbnail","hentry","category-politica-in-ungheria","tag-jobbik"],"blocksy_meta":[],"author_username":"alk","telegram_post":"","public_post_metadata":{"breaking_news":"","important":"","csempe":"","center_tile":"","disable_thumbnail":"","target_lang":"","_featured_image_style":"","telegram_post":"","_xlat_group_id":""},"public_rank_math_data":{"title":"%titolo% %sep% %nomesito%","description":"","focus_keyword":"","canonical_url":"","robots":"","primary_category":"1185","breadcrumb_title":"","facebook_title":"","facebook_description":"","facebook_image":"","facebook_image_id":"","twitter_title":"","twitter_description":"","twitter_image":"","twitter_image_id":"","twitter_card_type":"","twitter_use_facebook":"","advanced_robots":"","pillar_content":"","seo_score":"","contentai_score":"","rich_snippet":""},"_links":{"self":[{"href":"https:\/\/dailynewshungary.com\/it\/wp-json\/wp\/v2\/posts\/737810","targetHints":{"allow":["GET"]}}],"collection":[{"href":"https:\/\/dailynewshungary.com\/it\/wp-json\/wp\/v2\/posts"}],"about":[{"href":"https:\/\/dailynewshungary.com\/it\/wp-json\/wp\/v2\/types\/post"}],"author":[{"embeddable":true,"href":"https:\/\/dailynewshungary.com\/it\/wp-json\/wp\/v2\/users\/2"}],"replies":[{"embeddable":true,"href":"https:\/\/dailynewshungary.com\/it\/wp-json\/wp\/v2\/comments?post=737810"}],"version-history":[{"count":0,"href":"https:\/\/dailynewshungary.com\/it\/wp-json\/wp\/v2\/posts\/737810\/revisions"}],"wp:featuredmedia":[{"embeddable":true,"href":"https:\/\/dailynewshungary.com\/it\/wp-json\/wp\/v2\/media\/737811"}],"wp:attachment":[{"href":"https:\/\/dailynewshungary.com\/it\/wp-json\/wp\/v2\/media?parent=737810"}],"wp:term":[{"taxonomy":"category","embeddable":true,"href":"https:\/\/dailynewshungary.com\/it\/wp-json\/wp\/v2\/categories?post=737810"},{"taxonomy":"post_tag","embeddable":true,"href":"https:\/\/dailynewshungary.com\/it\/wp-json\/wp\/v2\/tags?post=737810"}],"curies":[{"name":"wp","href":"https:\/\/api.w.org\/{rel}","templated":true}]}}