{"id":737844,"date":"2014-05-19T18:02:54","date_gmt":"2014-05-19T16:02:54","guid":{"rendered":"https:\/\/dailynewshungary.com\/it\/vona-caso-di-spionaggio-kovacs-tentativo-di-indebolire-jobbik\/"},"modified":"2014-05-19T18:02:54","modified_gmt":"2014-05-19T16:02:54","slug":"vona-caso-di-spionaggio-kovacs-tentativo-di-indebolire-jobbik","status":"publish","type":"post","link":"https:\/\/dailynewshungary.com\/it\/vona-caso-di-spionaggio-kovacs-tentativo-di-indebolire-jobbik\/","title":{"rendered":"Vona: Caso di spionaggio Kovacs Tentativo di indebolire Jobbik"},"content":{"rendered":"<p><strong>Budapest, 1 maggio (MTI) 1 Ci \u00e8 una base e fin troppo evidente campagna diffamatoria per abbattere il partito nazionalista radicale Jobbik, ha detto luned\u00ec il leader del partito Gabor Vona, dopo aver partecipato a un&#8217;udienza sulle accuse di spionaggio contro l&#8217;eurodeputato Bela Kovacs.<\/strong><\/p>\n<p>Vona ha dichiarato dopo una riunione a porte chiuse della commissione per la sicurezza nazionale del parlamento che la tempistica delle accuse era sospetta.<\/p>\n<p>Ha insistito sul fatto che il vicepresidente degli Stati Uniti Joe Biden aveva chiesto al primo ministro Viktor Orban di indebolire Jobbik, aggiungendo che era una strane\u201d che se le indagini sulle presunte attivit\u00e0 di Kovacs fossero iniziate nel 2009, il caso sarebbe appena emerso prima delle elezioni europee.<\/p>\n<p>Kovacs \u00e8 stato accusato di spionaggio a favore della Russia contro l&#8217;Unione Europea in un articolo nel numero di gioved\u00ec di Magyar Nemzet. Il giornale afferma che l&#8217;Ufficio per la protezione della Costituzione ha intentato una causa contro Kovacs per aver cospirato regolarmente con diplomatici russi e aver viaggiato a Mosca su base mensile. Kovacs \u00e8 sposato con una doppia cittadinanza russo-austriaca, ex KGB, dice il giornale.<\/p>\n<p>Kovacs, che \u00e8 terzo nella lista dei candidati del PE di Jobbik, ha negato in precedenza le accuse: \u201cNon sono mai stato membro dei servizi segreti ungheresi o di un paese straniero, non ho mai collaborato e non sono mai stato contattato.\u201d<\/p>\n<p>Adam Mirkoczki, membro del comitato che rappresenta Jobbik, ha detto che non gli \u00e8 permesso parlare di ci\u00f2 che viene discusso nelle riunioni sulla sicurezza nazionale, poich\u00e9 queste informazioni sono riservate, ma potrebbe dire di non aver sentito nulla che possa costituire un atto criminale.<\/p>\n<p><em>Foto: MTI \u00c1szl\u00f3 Beliczay<\/em><\/p>\n","protected":false},"excerpt":{"rendered":"<p>Budapest, 1 maggio (MTI) 1 Ci \u00e8 una base e fin troppo evidente campagna diffamatoria per abbattere il partito nazionalista radicale Jobbik, ha detto luned\u00ec il leader del partito Gabor Vona, dopo aver partecipato a un&#8217;udienza sulle accuse di spionaggio contro l&#8217;eurodeputato Bela Kovacs. Vona ha dichiarato dopo una riunione a porte chiuse della commissione [&hellip;]<\/p>\n","protected":false},"author":2,"featured_media":737845,"comment_status":"open","ping_status":"open","sticky":false,"template":"","format":"standard","meta":{"_display_image":"","footnotes":""},"categories":[1185],"tags":[1412],"class_list":["post-737844","post","type-post","status-publish","format-standard","has-post-thumbnail","hentry","category-politica-in-ungheria","tag-jobbik"],"blocksy_meta":[],"author_username":"alk","telegram_post":"","public_post_metadata":{"breaking_news":"","important":"","csempe":"","center_tile":"","disable_thumbnail":"","target_lang":"","_featured_image_style":"","telegram_post":"","_xlat_group_id":""},"public_rank_math_data":{"title":"%titolo% %sep% %nomesito%","description":"","focus_keyword":"","canonical_url":"","robots":"","primary_category":"1185","breadcrumb_title":"","facebook_title":"","facebook_description":"","facebook_image":"","facebook_image_id":"","twitter_title":"","twitter_description":"","twitter_image":"","twitter_image_id":"","twitter_card_type":"","twitter_use_facebook":"","advanced_robots":"","pillar_content":"","seo_score":"","contentai_score":"","rich_snippet":""},"_links":{"self":[{"href":"https:\/\/dailynewshungary.com\/it\/wp-json\/wp\/v2\/posts\/737844","targetHints":{"allow":["GET"]}}],"collection":[{"href":"https:\/\/dailynewshungary.com\/it\/wp-json\/wp\/v2\/posts"}],"about":[{"href":"https:\/\/dailynewshungary.com\/it\/wp-json\/wp\/v2\/types\/post"}],"author":[{"embeddable":true,"href":"https:\/\/dailynewshungary.com\/it\/wp-json\/wp\/v2\/users\/2"}],"replies":[{"embeddable":true,"href":"https:\/\/dailynewshungary.com\/it\/wp-json\/wp\/v2\/comments?post=737844"}],"version-history":[{"count":0,"href":"https:\/\/dailynewshungary.com\/it\/wp-json\/wp\/v2\/posts\/737844\/revisions"}],"wp:featuredmedia":[{"embeddable":true,"href":"https:\/\/dailynewshungary.com\/it\/wp-json\/wp\/v2\/media\/737845"}],"wp:attachment":[{"href":"https:\/\/dailynewshungary.com\/it\/wp-json\/wp\/v2\/media?parent=737844"}],"wp:term":[{"taxonomy":"category","embeddable":true,"href":"https:\/\/dailynewshungary.com\/it\/wp-json\/wp\/v2\/categories?post=737844"},{"taxonomy":"post_tag","embeddable":true,"href":"https:\/\/dailynewshungary.com\/it\/wp-json\/wp\/v2\/tags?post=737844"}],"curies":[{"name":"wp","href":"https:\/\/api.w.org\/{rel}","templated":true}]}}