{"id":737980,"date":"2014-05-09T15:50:28","date_gmt":"2014-05-09T13:50:28","guid":{"rendered":"https:\/\/dailynewshungary.com\/it\/lunedi-il-parlamento-potrebbe-votare-sulla-proroga-della-moratoria-sugli-sfratti\/"},"modified":"2014-05-09T15:50:28","modified_gmt":"2014-05-09T13:50:28","slug":"lunedi-il-parlamento-potrebbe-votare-sulla-proroga-della-moratoria-sugli-sfratti","status":"publish","type":"post","link":"https:\/\/dailynewshungary.com\/it\/lunedi-il-parlamento-potrebbe-votare-sulla-proroga-della-moratoria-sugli-sfratti\/","title":{"rendered":"Luned\u00ec il Parlamento potrebbe votare sulla proroga della moratoria sugli sfratti"},"content":{"rendered":"<p><strong>Budapest, 9 maggio (MTI) 9 Un disegno di legge che governa Fidesz per estendere la moratoria sugli sfratti fino a quando il problema dei prestiti denominati in valuta estera non sar\u00e0 risolto sar\u00e0 il primo approvato dal nuovo Parlamento, ha detto venerd\u00ec il leader del gruppo parlamentare Fidesz Antal Rogan.<\/strong><\/p>\n<p>Il disegno di legge potrebbe essere approvato gi\u00e0 luned\u00ec, in una deviazione dalle regole della casa, ha detto Rogan. Ha aggiunto che risolvere i problemi dei mutuatari FX sarebbe nell&#8217;interesse anche delle banche.<\/p>\n<p>Ha nuovamente esortato la Kuria, la corte suprema ungherese, a prendere presto una decisione su questioni aperte relative alle modifiche unilaterali ai contratti FX e ai margini dei tassi di cambio.<\/p>\n<blockquote>\n<p>\u201cSe la Kuria prende posizione sulla questione entro la fine di maggio [&#8230;] a giugno, posso promettere il nome del gruppo parlamentare Fides che in quel momento la Kuria prende in considerazione la decisione della Kuria o una legge sulla messa in ordine della situazione dei mutuatari FX sar\u00e0 redatto e presentato al Parlamento.\u201d<\/p>\n<\/blockquote>\n<p>I prestiti a buon mercato denominati in franchi svizzeri erano un tempo il prodotto di prestito al dettaglio pi\u00f9 popolare in Ungheria, prima che il fiorino pi\u00f9 debole causasse un aumento delle dimensioni dei rimborsi, portando molti mutuatari vicini al default. Il governo ungherese ha adottato una serie di misure per assistere i mutuatari di valuta estera e ha affermato che prevede di eliminare gradualmente i prestiti di valuta estera.<\/p>\n<p><em>Foto: www.168ora.hu<\/em><\/p>\n","protected":false},"excerpt":{"rendered":"<p>Budapest, 9 maggio (MTI) 9 Un disegno di legge che governa Fidesz per estendere la moratoria sugli sfratti fino a quando il problema dei prestiti denominati in valuta estera non sar\u00e0 risolto sar\u00e0 il primo approvato dal nuovo Parlamento, ha detto venerd\u00ec il leader del gruppo parlamentare Fidesz Antal Rogan. Il disegno di legge potrebbe [&hellip;]<\/p>\n","protected":false},"author":2,"featured_media":737981,"comment_status":"open","ping_status":"open","sticky":false,"template":"","format":"standard","meta":{"_display_image":"","footnotes":""},"categories":[1314],"tags":[1473],"class_list":["post-737980","post","type-post","status-publish","format-standard","has-post-thumbnail","hentry","category-economia-in-ungheria","tag-legge"],"blocksy_meta":[],"author_username":"alk","telegram_post":"","public_post_metadata":{"breaking_news":"","important":"","csempe":"","center_tile":"","disable_thumbnail":"","target_lang":"","_featured_image_style":"","telegram_post":"","_xlat_group_id":""},"public_rank_math_data":{"title":"%titolo% %sep% %nomesito%","description":"","focus_keyword":"","canonical_url":"","robots":"","primary_category":"1314","breadcrumb_title":"","facebook_title":"","facebook_description":"","facebook_image":"","facebook_image_id":"","twitter_title":"","twitter_description":"","twitter_image":"","twitter_image_id":"","twitter_card_type":"","twitter_use_facebook":"","advanced_robots":"","pillar_content":"","seo_score":"","contentai_score":"","rich_snippet":""},"_links":{"self":[{"href":"https:\/\/dailynewshungary.com\/it\/wp-json\/wp\/v2\/posts\/737980","targetHints":{"allow":["GET"]}}],"collection":[{"href":"https:\/\/dailynewshungary.com\/it\/wp-json\/wp\/v2\/posts"}],"about":[{"href":"https:\/\/dailynewshungary.com\/it\/wp-json\/wp\/v2\/types\/post"}],"author":[{"embeddable":true,"href":"https:\/\/dailynewshungary.com\/it\/wp-json\/wp\/v2\/users\/2"}],"replies":[{"embeddable":true,"href":"https:\/\/dailynewshungary.com\/it\/wp-json\/wp\/v2\/comments?post=737980"}],"version-history":[{"count":0,"href":"https:\/\/dailynewshungary.com\/it\/wp-json\/wp\/v2\/posts\/737980\/revisions"}],"wp:featuredmedia":[{"embeddable":true,"href":"https:\/\/dailynewshungary.com\/it\/wp-json\/wp\/v2\/media\/737981"}],"wp:attachment":[{"href":"https:\/\/dailynewshungary.com\/it\/wp-json\/wp\/v2\/media?parent=737980"}],"wp:term":[{"taxonomy":"category","embeddable":true,"href":"https:\/\/dailynewshungary.com\/it\/wp-json\/wp\/v2\/categories?post=737980"},{"taxonomy":"post_tag","embeddable":true,"href":"https:\/\/dailynewshungary.com\/it\/wp-json\/wp\/v2\/tags?post=737980"}],"curies":[{"name":"wp","href":"https:\/\/api.w.org\/{rel}","templated":true}]}}