{"id":737996,"date":"2014-05-08T16:03:58","date_gmt":"2014-05-08T14:03:58","guid":{"rendered":"https:\/\/dailynewshungary.com\/it\/lungheria-prepara-un-pacchetto-di-aiuti-allinsegnamento-per-le-scuole-della-diaspora\/"},"modified":"2014-05-08T16:03:58","modified_gmt":"2014-05-08T14:03:58","slug":"lungheria-prepara-un-pacchetto-di-aiuti-allinsegnamento-per-le-scuole-della-diaspora","status":"publish","type":"post","link":"https:\/\/dailynewshungary.com\/it\/lungheria-prepara-un-pacchetto-di-aiuti-allinsegnamento-per-le-scuole-della-diaspora\/","title":{"rendered":"L\u2019Ungheria prepara un pacchetto di aiuti all\u2019insegnamento per le scuole della diaspora"},"content":{"rendered":"<p><strong>Budapest, 8 maggio (MTI) 8 maggio Il segretariato statale per le comunit\u00e0 ungheresi all&#8217;estero ha preparato un pacchetto di aiuti all&#8217;insegnamento per le scuole domenicali della diaspora insieme all&#8217;Istituto Balassi, ha detto in una conferenza stampa Zsuzsanna Repas, vice segretario di Stato.<\/strong><\/p>\n<p>Ci sono complessivamente 129 scuole domenicali in Europa occidentale, negli Stati Uniti, Canada e Australia, che si rivolgono a quattromila bambini a cui hanno insegnato 150 insegnanti che il pacchetto \u00e8 progettato per aiutare Il pacchetto \u00e8 costato 5,5 milioni di fiorini (UE 18.000).<\/p>\n<p>Gergely Prohle, segretario di Stato agli affari esteri, ha affermato in occasione dell&#8217;evento che \u00e8 di vitale importanza per tutti che la comunit\u00e0 ungherese all&#8217;estero debba sopportare, poich\u00e9 i suoi membri sono potenziali lobbisti per l&#8217;Ungheria.<\/p>\n<p><em>Foto: MTI<\/em><\/p>\n","protected":false},"excerpt":{"rendered":"<p>Budapest, 8 maggio (MTI) 8 maggio Il segretariato statale per le comunit\u00e0 ungheresi all&#8217;estero ha preparato un pacchetto di aiuti all&#8217;insegnamento per le scuole domenicali della diaspora insieme all&#8217;Istituto Balassi, ha detto in una conferenza stampa Zsuzsanna Repas, vice segretario di Stato. Ci sono complessivamente 129 scuole domenicali in Europa occidentale, negli Stati Uniti, Canada [&hellip;]<\/p>\n","protected":false},"author":2,"featured_media":737997,"comment_status":"open","ping_status":"open","sticky":false,"template":"","format":"standard","meta":{"_display_image":"","footnotes":""},"categories":[1304],"tags":[1835],"class_list":["post-737996","post","type-post","status-publish","format-standard","has-post-thumbnail","hentry","category-cultura-in-ungheria","tag-educazione"],"blocksy_meta":[],"author_username":"alk","telegram_post":"","public_post_metadata":{"breaking_news":"","important":"","csempe":"","center_tile":"","disable_thumbnail":"","target_lang":"","_featured_image_style":"","telegram_post":"","_xlat_group_id":""},"public_rank_math_data":{"title":"%titolo% %sep% %nomesito%","description":"","focus_keyword":"","canonical_url":"","robots":"","primary_category":"1304","breadcrumb_title":"","facebook_title":"","facebook_description":"","facebook_image":"","facebook_image_id":"","twitter_title":"","twitter_description":"","twitter_image":"","twitter_image_id":"","twitter_card_type":"","twitter_use_facebook":"","advanced_robots":"","pillar_content":"","seo_score":"","contentai_score":"","rich_snippet":""},"_links":{"self":[{"href":"https:\/\/dailynewshungary.com\/it\/wp-json\/wp\/v2\/posts\/737996","targetHints":{"allow":["GET"]}}],"collection":[{"href":"https:\/\/dailynewshungary.com\/it\/wp-json\/wp\/v2\/posts"}],"about":[{"href":"https:\/\/dailynewshungary.com\/it\/wp-json\/wp\/v2\/types\/post"}],"author":[{"embeddable":true,"href":"https:\/\/dailynewshungary.com\/it\/wp-json\/wp\/v2\/users\/2"}],"replies":[{"embeddable":true,"href":"https:\/\/dailynewshungary.com\/it\/wp-json\/wp\/v2\/comments?post=737996"}],"version-history":[{"count":0,"href":"https:\/\/dailynewshungary.com\/it\/wp-json\/wp\/v2\/posts\/737996\/revisions"}],"wp:featuredmedia":[{"embeddable":true,"href":"https:\/\/dailynewshungary.com\/it\/wp-json\/wp\/v2\/media\/737997"}],"wp:attachment":[{"href":"https:\/\/dailynewshungary.com\/it\/wp-json\/wp\/v2\/media?parent=737996"}],"wp:term":[{"taxonomy":"category","embeddable":true,"href":"https:\/\/dailynewshungary.com\/it\/wp-json\/wp\/v2\/categories?post=737996"},{"taxonomy":"post_tag","embeddable":true,"href":"https:\/\/dailynewshungary.com\/it\/wp-json\/wp\/v2\/tags?post=737996"}],"curies":[{"name":"wp","href":"https:\/\/api.w.org\/{rel}","templated":true}]}}