{"id":738090,"date":"2014-05-02T19:56:54","date_gmt":"2014-05-02T17:56:54","guid":{"rendered":"https:\/\/dailynewshungary.com\/it\/elezioni-del-pe-per-jobbik-il-leader-della-societa-in-collegamento-con-il-diritto-fondiario-chiama\/"},"modified":"2014-05-02T19:56:54","modified_gmt":"2014-05-02T17:56:54","slug":"elezioni-del-pe-per-jobbik-il-leader-della-societa-in-collegamento-con-il-diritto-fondiario-chiama","status":"publish","type":"post","link":"https:\/\/dailynewshungary.com\/it\/elezioni-del-pe-per-jobbik-il-leader-della-societa-in-collegamento-con-il-diritto-fondiario-chiama\/","title":{"rendered":"Elezioni del PE per Jobbik Il leader della societ\u00e0 in collegamento con il diritto fondiario chiama"},"content":{"rendered":"<p><strong>(MTI) La societ\u00e0 ungherese deve essere scossa e mobilitata in relazione alla legge fondiaria che entra in vigore oggi, che consente agli stranieri di acquistare terreni agricoli in Ungheria, ha detto gioved\u00ec il leader del partito nazionalista radicale Jobbik.<\/strong><\/p>\n<p>Gabor Vona ha salutato i partecipanti ad una \u201cmarcia per la protezione della madre terra\u201d organizzata dalla Nuova Guardia Ungherese. Ha detto che marciando con una carriola di terra dalla citt\u00e0 di Eger a Budapest hanno espresso il sacrificio che erano disposti a fare ed \u00e8 stato un messaggio agli stranieri dimostrando che erano pronti a sacrificare la propria vita se fosse in gioco la terra ungherese.<\/p>\n<p>Vona ha detto che Jobbik ha fatto ogni sforzo possibile per preservare la moratoria sugli stranieri che acquistano terreni agricoli ungheresi e attualmente il rifugio \u201clast\u201d \u00e8 un&#8217;iniziativa referendaria che la Kuria, la corte suprema, valuter\u00e0.<\/p>\n<p>Vona ha detto che la questione della terra \u00e8 inseperabile dalla questione dell&#8217;adesione all&#8217;Unione Europea Attualmente \u00e8 necessario valutare i primi dieci anni di adesione dell&#8217;Ungheria all&#8217;UE, il che dimostra che l&#8217;industria produttiva ungherese \u00e8 stata completamente distrutta, i salari ungheresi sono tra i pi\u00f9 bassi, il paese \u00e8 diventato un mercato per le merci straniere e \u201cvogliono anche la terra ungherese adesso,\u201d ha aggiunto.<\/p>\n<p>Krisztina Morvai, leader della lista degli eurodeputati di Jobbik, ha detto che coloro che puntano gli occhi sui terreni agricoli ungheresi verranno scacciati \u201ccon zappe e falci.\u201d<\/p>\n<p><em>Foto: MTI<\/em><\/p>\n","protected":false},"excerpt":{"rendered":"<p>(MTI) La societ\u00e0 ungherese deve essere scossa e mobilitata in relazione alla legge fondiaria che entra in vigore oggi, che consente agli stranieri di acquistare terreni agricoli in Ungheria, ha detto gioved\u00ec il leader del partito nazionalista radicale Jobbik. Gabor Vona ha salutato i partecipanti ad una \u201cmarcia per la protezione della madre terra\u201d organizzata [&hellip;]<\/p>\n","protected":false},"author":2,"featured_media":738091,"comment_status":"open","ping_status":"open","sticky":false,"template":"","format":"standard","meta":{"_display_image":"","footnotes":""},"categories":[1185],"tags":[1412,1075],"class_list":["post-738090","post","type-post","status-publish","format-standard","has-post-thumbnail","hentry","category-politica-in-ungheria","tag-jobbik","tag-unione-europea"],"blocksy_meta":[],"author_username":"alk","telegram_post":"","public_post_metadata":{"breaking_news":"","important":"","csempe":"","center_tile":"","disable_thumbnail":"","target_lang":"","_featured_image_style":"","telegram_post":"","_xlat_group_id":""},"public_rank_math_data":{"title":"%titolo% %sep% %nomesito%","description":"","focus_keyword":"","canonical_url":"","robots":"","primary_category":"1185","breadcrumb_title":"","facebook_title":"","facebook_description":"","facebook_image":"","facebook_image_id":"","twitter_title":"","twitter_description":"","twitter_image":"","twitter_image_id":"","twitter_card_type":"","twitter_use_facebook":"","advanced_robots":"","pillar_content":"","seo_score":"","contentai_score":"","rich_snippet":""},"_links":{"self":[{"href":"https:\/\/dailynewshungary.com\/it\/wp-json\/wp\/v2\/posts\/738090","targetHints":{"allow":["GET"]}}],"collection":[{"href":"https:\/\/dailynewshungary.com\/it\/wp-json\/wp\/v2\/posts"}],"about":[{"href":"https:\/\/dailynewshungary.com\/it\/wp-json\/wp\/v2\/types\/post"}],"author":[{"embeddable":true,"href":"https:\/\/dailynewshungary.com\/it\/wp-json\/wp\/v2\/users\/2"}],"replies":[{"embeddable":true,"href":"https:\/\/dailynewshungary.com\/it\/wp-json\/wp\/v2\/comments?post=738090"}],"version-history":[{"count":0,"href":"https:\/\/dailynewshungary.com\/it\/wp-json\/wp\/v2\/posts\/738090\/revisions"}],"wp:featuredmedia":[{"embeddable":true,"href":"https:\/\/dailynewshungary.com\/it\/wp-json\/wp\/v2\/media\/738091"}],"wp:attachment":[{"href":"https:\/\/dailynewshungary.com\/it\/wp-json\/wp\/v2\/media?parent=738090"}],"wp:term":[{"taxonomy":"category","embeddable":true,"href":"https:\/\/dailynewshungary.com\/it\/wp-json\/wp\/v2\/categories?post=738090"},{"taxonomy":"post_tag","embeddable":true,"href":"https:\/\/dailynewshungary.com\/it\/wp-json\/wp\/v2\/tags?post=738090"}],"curies":[{"name":"wp","href":"https:\/\/api.w.org\/{rel}","templated":true}]}}