{"id":738130,"date":"2014-04-29T20:01:38","date_gmt":"2014-04-29T18:01:38","guid":{"rendered":"https:\/\/dailynewshungary.com\/it\/cooperazione-di-visegraddaily-routine-afferma-gyori\/"},"modified":"2014-04-29T20:01:38","modified_gmt":"2014-04-29T18:01:38","slug":"cooperazione-di-visegraddaily-routine-afferma-gyori","status":"publish","type":"post","link":"https:\/\/dailynewshungary.com\/it\/cooperazione-di-visegraddaily-routine-afferma-gyori\/","title":{"rendered":"Cooperazione di Visegrad,\u201cDaily Routine\u201d, afferma Gyori"},"content":{"rendered":"<p><strong><span style=\"font-size: 14px; line-height: 1.5em;\">Budapest, 9 aprile (MTI) 2 La cooperazione di Visegrad Quattro \u00e8 ora diventata una routine quotidiana di \u201c\u201d, ha detto oggi Eniko Gyori, segretario di Stato ungherese responsabile degli affari europei, a una tavola rotonda organizzata a margine di una conferenza sull&#8217;integrazione europea dell&#8217;Ungheria.<\/span><\/strong><\/p>\n<p>Gyori ha affermato che i membri del gruppo Repubblica Ceca, Repubblica Slovacchia, Ungheria e disaccordo hanno aggiunto che il disaccordo \u201coccas non \u00e8 un problema\u201d.<\/p>\n<p>L&#8217;ex ministro degli Esteri e commissario europeo Peter Balazs ha affermato che i paesi del gruppo sono pronti a consultare i paesi vicini su questioni specifiche, ma ha suggerito che la cooperazione di Visegrad \u201c sembra essere pi\u00f9 efficiente se il gruppo non viene ampliato per il momento\u201d.<\/p>\n<p>A margine della conferenza, l&#8217;eurodeputato ungherese Gyorgy Schopflin ha dichiarato a MTI che i partecipanti erano d&#8217;accordo sul fatto che l&#8217;allargamento dell&#8217;UE aveva rafforzato sia la comunit\u00e0 che i nuovi entranti Ha aggiunto, tuttavia, che \u201ccerti inconvenienti\u201d dell&#8217;allargamento erano evidenti: \u201cchiudere il divario (tra nuovi e vecchi membri) non \u00e8 venuto fuori esattamente come speravamo dieci anni fa\u201d Ha aggiunto che vecchi e nuovi membri vengono ancora trattati in modo diverso. \u201cCome esempio positivo, i vecchi membri sono molto pi\u00f9 spesso menzionati dei nuovi entranti,\u201d ha detto.<\/p>\n<p>Il direttore generale della direzione generale dell&#8217;Allargamento della CE, Christian Danielsson, ha affermato che il peso globale dell&#8217;UE \u00e8 aumentato considerevolmente dopo il 2004, il che, a suo avviso, \u00e8 incoraggiante per l&#8217;ulteriore allargamento della comunit\u00e0.<\/p>\n<p>Peter Gyorkos, ambasciatore dell&#8217;Ungheria presso l&#8217;UE, ha affermato che le preoccupazioni di preadesione che un mercato interno comune non sarebbe operativo si sono rivelate infondate Il finanziamento delle politiche agricole e di coesione dell&#8217;UE non ha comportato gravi problemi, e le istituzioni europee hanno operato in modo efficiente, ha tuttavia avvertito che il processo di integrazione non \u00e8 ancora stato completato.<\/p>\n<p>L&#8217;Ungheria \u00e8 entrata nell&#8217;Unione Europea il 1\u00b0 maggio 2004.<\/p>\n<p><em>Foto: MTI<\/em><\/p>\n","protected":false},"excerpt":{"rendered":"<p>Budapest, 9 aprile (MTI) 2 La cooperazione di Visegrad Quattro \u00e8 ora diventata una routine quotidiana di \u201c\u201d, ha detto oggi Eniko Gyori, segretario di Stato ungherese responsabile degli affari europei, a una tavola rotonda organizzata a margine di una conferenza sull&#8217;integrazione europea dell&#8217;Ungheria. Gyori ha affermato che i membri del gruppo Repubblica Ceca, Repubblica [&hellip;]<\/p>\n","protected":false},"author":2,"featured_media":738131,"comment_status":"open","ping_status":"open","sticky":false,"template":"","format":"standard","meta":{"_display_image":"","footnotes":""},"categories":[1185],"tags":[1092],"class_list":["post-738130","post","type-post","status-publish","format-standard","has-post-thumbnail","hentry","category-politica-in-ungheria","tag-ministero-degli-affari-esteri-dellungheria"],"blocksy_meta":[],"author_username":"alk","telegram_post":"","public_post_metadata":{"breaking_news":"","important":"","csempe":"","center_tile":"","disable_thumbnail":"","target_lang":"","_featured_image_style":"","telegram_post":"","_xlat_group_id":""},"public_rank_math_data":{"title":"%titolo% %sep% %nomesito%","description":"","focus_keyword":"","canonical_url":"","robots":"","primary_category":"1185","breadcrumb_title":"","facebook_title":"","facebook_description":"","facebook_image":"","facebook_image_id":"","twitter_title":"","twitter_description":"","twitter_image":"","twitter_image_id":"","twitter_card_type":"","twitter_use_facebook":"","advanced_robots":"","pillar_content":"","seo_score":"","contentai_score":"","rich_snippet":""},"_links":{"self":[{"href":"https:\/\/dailynewshungary.com\/it\/wp-json\/wp\/v2\/posts\/738130","targetHints":{"allow":["GET"]}}],"collection":[{"href":"https:\/\/dailynewshungary.com\/it\/wp-json\/wp\/v2\/posts"}],"about":[{"href":"https:\/\/dailynewshungary.com\/it\/wp-json\/wp\/v2\/types\/post"}],"author":[{"embeddable":true,"href":"https:\/\/dailynewshungary.com\/it\/wp-json\/wp\/v2\/users\/2"}],"replies":[{"embeddable":true,"href":"https:\/\/dailynewshungary.com\/it\/wp-json\/wp\/v2\/comments?post=738130"}],"version-history":[{"count":0,"href":"https:\/\/dailynewshungary.com\/it\/wp-json\/wp\/v2\/posts\/738130\/revisions"}],"wp:featuredmedia":[{"embeddable":true,"href":"https:\/\/dailynewshungary.com\/it\/wp-json\/wp\/v2\/media\/738131"}],"wp:attachment":[{"href":"https:\/\/dailynewshungary.com\/it\/wp-json\/wp\/v2\/media?parent=738130"}],"wp:term":[{"taxonomy":"category","embeddable":true,"href":"https:\/\/dailynewshungary.com\/it\/wp-json\/wp\/v2\/categories?post=738130"},{"taxonomy":"post_tag","embeddable":true,"href":"https:\/\/dailynewshungary.com\/it\/wp-json\/wp\/v2\/tags?post=738130"}],"curies":[{"name":"wp","href":"https:\/\/api.w.org\/{rel}","templated":true}]}}