{"id":738164,"date":"2014-04-27T15:30:47","date_gmt":"2014-04-27T13:30:47","guid":{"rendered":"https:\/\/dailynewshungary.com\/it\/ungheria-competitivita-debole-e-in-calo-afferma-il-professore\/"},"modified":"2014-04-27T15:30:47","modified_gmt":"2014-04-27T13:30:47","slug":"ungheria-competitivita-debole-e-in-calo-afferma-il-professore","status":"publish","type":"post","link":"https:\/\/dailynewshungary.com\/it\/ungheria-competitivita-debole-e-in-calo-afferma-il-professore\/","title":{"rendered":"Ungheria Competitivit\u00e0 debole e in calo, afferma il professore"},"content":{"rendered":"<p><strong>(MTI) La competitivit\u00e0 dell&#8217;Ungheria \u00e8 debole e in deterioramento, e i disturbi possono essere risolti solo a lungo termine, ha detto venerd\u00ec il professore di economia Attila Chikan in un forum a Debrecen, nell&#8217;Ungheria orientale.<\/strong><\/p>\n<p>Le ragioni sono profondamente radicate e non possono essere collegate a un solo governo, ha affermato Chikan, capo dell&#8217;Istituto di ricerca per la competitivit\u00e0 dell&#8217;Universit\u00e0 Corvinus di Budapest.<\/p>\n<p>Chikan, ex ministro dell&#8217;economia, ha dichiarato che l&#8217;Ungheria \u00e8 scivolata dal 29\u00b0 posto nel 2001 al 63\u00b0 in una lista di 148 paesi classificati per competitivit\u00e0, ha detto che l&#8217;Ungheria \u00e8 stata gradualmente in ritardo a un ritmo costante.<\/p>\n<p>Ha detto che le ragioni includono un&#8217;eredit\u00e0 di lunga data di corruzione, una fede esagerata nello stato e l&#8217;evasione fiscale, cos\u00ec come l&#8217;ambiente globale e la politica economica Ha detto che gli intellettuali e le \u00e9lite ungheresi non erano stati efficienti dalla transizione democratica degli anni &#8217;90.<\/p>\n<p>\u201cLa politica economica sostanzialmente non cambier\u00e0 nei prossimi anni, ha affermato,\u201d, aggiungendo che i tre elementi chiave per una soluzione sono l&#8217;occupazione, la produttivit\u00e0 e la formazione.<\/p>\n<p><em>Foto: www.tisztabeszed.hu<\/em><\/p>\n","protected":false},"excerpt":{"rendered":"<p>(MTI) La competitivit\u00e0 dell&#8217;Ungheria \u00e8 debole e in deterioramento, e i disturbi possono essere risolti solo a lungo termine, ha detto venerd\u00ec il professore di economia Attila Chikan in un forum a Debrecen, nell&#8217;Ungheria orientale. Le ragioni sono profondamente radicate e non possono essere collegate a un solo governo, ha affermato Chikan, capo dell&#8217;Istituto di [&hellip;]<\/p>\n","protected":false},"author":2,"featured_media":738165,"comment_status":"open","ping_status":"open","sticky":false,"template":"","format":"standard","meta":{"_display_image":"","footnotes":""},"categories":[1314],"tags":[1132],"class_list":["post-738164","post","type-post","status-publish","format-standard","has-post-thumbnail","hentry","category-economia-in-ungheria","tag-economia"],"blocksy_meta":[],"author_username":"alk","telegram_post":"","public_post_metadata":{"breaking_news":"","important":"","csempe":"","center_tile":"","disable_thumbnail":"","target_lang":"","_featured_image_style":"","telegram_post":"","_xlat_group_id":""},"public_rank_math_data":{"title":"%titolo% %sep% %nomesito%","description":"","focus_keyword":"","canonical_url":"","robots":"","primary_category":"1314","breadcrumb_title":"","facebook_title":"","facebook_description":"","facebook_image":"","facebook_image_id":"","twitter_title":"","twitter_description":"","twitter_image":"","twitter_image_id":"","twitter_card_type":"","twitter_use_facebook":"","advanced_robots":"","pillar_content":"","seo_score":"","contentai_score":"","rich_snippet":""},"_links":{"self":[{"href":"https:\/\/dailynewshungary.com\/it\/wp-json\/wp\/v2\/posts\/738164","targetHints":{"allow":["GET"]}}],"collection":[{"href":"https:\/\/dailynewshungary.com\/it\/wp-json\/wp\/v2\/posts"}],"about":[{"href":"https:\/\/dailynewshungary.com\/it\/wp-json\/wp\/v2\/types\/post"}],"author":[{"embeddable":true,"href":"https:\/\/dailynewshungary.com\/it\/wp-json\/wp\/v2\/users\/2"}],"replies":[{"embeddable":true,"href":"https:\/\/dailynewshungary.com\/it\/wp-json\/wp\/v2\/comments?post=738164"}],"version-history":[{"count":0,"href":"https:\/\/dailynewshungary.com\/it\/wp-json\/wp\/v2\/posts\/738164\/revisions"}],"wp:featuredmedia":[{"embeddable":true,"href":"https:\/\/dailynewshungary.com\/it\/wp-json\/wp\/v2\/media\/738165"}],"wp:attachment":[{"href":"https:\/\/dailynewshungary.com\/it\/wp-json\/wp\/v2\/media?parent=738164"}],"wp:term":[{"taxonomy":"category","embeddable":true,"href":"https:\/\/dailynewshungary.com\/it\/wp-json\/wp\/v2\/categories?post=738164"},{"taxonomy":"post_tag","embeddable":true,"href":"https:\/\/dailynewshungary.com\/it\/wp-json\/wp\/v2\/tags?post=738164"}],"curies":[{"name":"wp","href":"https:\/\/api.w.org\/{rel}","templated":true}]}}