{"id":738184,"date":"2014-04-25T19:56:43","date_gmt":"2014-04-25T17:56:43","guid":{"rendered":"https:\/\/dailynewshungary.com\/it\/sofi-oksanen-riceve-il-gran-premio-di-budapest-allintl-book-festival\/"},"modified":"2014-04-25T19:56:43","modified_gmt":"2014-04-25T17:56:43","slug":"sofi-oksanen-riceve-il-gran-premio-di-budapest-allintl-book-festival","status":"publish","type":"post","link":"https:\/\/dailynewshungary.com\/it\/sofi-oksanen-riceve-il-gran-premio-di-budapest-allintl-book-festival\/","title":{"rendered":"Sofi Oksanen riceve il Gran Premio di Budapest all\u2019Intl Book Festival"},"content":{"rendered":"<p><strong>(MTI) Gioved\u00ec il sindaco Istvan Tarlos ha presentato Sofi Oksanen, autore di bestseller internazionali, il Gran Premio di Budapest.<\/strong><\/p>\n<p>\u201cL&#8217;onore va questa volta a un autore che non \u00e8 solo l&#8217;artista contemporaneo pi\u00f9 noto della Finlandia ma \u00e8, nel vero significato della parola, un fenomeno letterario di fama internazionale, ha detto\u201d Tarlos, consegnando il premio al 21\u00b0 Festival Internazionale del Libro di Budapest. apertura.<\/p>\n<p><a href=\"https:\/\/dailynewshungary.com\/wp-content\/uploads\/2014\/04\/book-fest-Budapest.jpg\" data-pswp-width=\"\" data-pswp-height=\"\" data-cropped=\"true\"><img loading=\"lazy\" decoding=\"async\" class=\"size-full wp-image-6861 aligncenter\" alt=\"prenota fest-Budapest\" src=\"https:\/\/dailynewshungary.com\/wp-content\/uploads\/2014\/04\/book-fest-Budapest.jpg\" width=\"600\" height=\"400\" srcset=\"https:\/\/contentf5.dailynewshungary.com\/wp-content\/uploads\/2014\/04\/book-fest-Budapest.jpg 600w, https:\/\/contentf5.dailynewshungary.com\/wp-content\/uploads\/2014\/04\/book-fest-Budapest-300x200.jpg 300w\" sizes=\"auto, (max-width: 600px) 100vw, 600px\"><\/a><\/p>\n<p>Il gran premio \u00e8 la prova che Budapesters di qualit\u00e0 con un senso letterario apprezzano molto tutto questo, ha detto Tarlos.<\/p>\n<p>Ricevendo il premio, Oksanen ha ringraziato traduttori ed editori per il loro lavoro sui suoi libri e ha anche espresso apprezzamento per le persone che proteggono la libert\u00e0 di parola, affermando che solo le parole libere possono volare\u201d.<\/p>\n<p>Oksanen e la Turchia sono gli ospiti d&#8217;onore del Festival del Libro di quest&#8217;anno che si terr\u00e0 fino al 27 aprile presso il centro culturale Millenaris.<\/p>\n<p><em>Foto: MTI<\/em><\/p>\n","protected":false},"excerpt":{"rendered":"<p>(MTI) Gioved\u00ec il sindaco Istvan Tarlos ha presentato Sofi Oksanen, autore di bestseller internazionali, il Gran Premio di Budapest. \u201cL&#8217;onore va questa volta a un autore che non \u00e8 solo l&#8217;artista contemporaneo pi\u00f9 noto della Finlandia ma \u00e8, nel vero significato della parola, un fenomeno letterario di fama internazionale, ha detto\u201d Tarlos, consegnando il premio [&hellip;]<\/p>\n","protected":false},"author":2,"featured_media":738185,"comment_status":"open","ping_status":"open","sticky":false,"template":"","format":"standard","meta":{"_display_image":"","footnotes":""},"categories":[1304],"tags":[1307],"class_list":["post-738184","post","type-post","status-publish","format-standard","has-post-thumbnail","hentry","category-cultura-in-ungheria","tag-evento"],"blocksy_meta":[],"author_username":"alk","telegram_post":"","public_post_metadata":{"breaking_news":"","important":"","csempe":"","center_tile":"","disable_thumbnail":"","target_lang":"","_featured_image_style":"","telegram_post":"","_xlat_group_id":""},"public_rank_math_data":{"title":"%titolo% %sep% %nomesito%","description":"","focus_keyword":"","canonical_url":"","robots":"","primary_category":"1304","breadcrumb_title":"","facebook_title":"","facebook_description":"","facebook_image":"","facebook_image_id":"","twitter_title":"","twitter_description":"","twitter_image":"","twitter_image_id":"","twitter_card_type":"","twitter_use_facebook":"","advanced_robots":"","pillar_content":"","seo_score":"","contentai_score":"","rich_snippet":""},"_links":{"self":[{"href":"https:\/\/dailynewshungary.com\/it\/wp-json\/wp\/v2\/posts\/738184","targetHints":{"allow":["GET"]}}],"collection":[{"href":"https:\/\/dailynewshungary.com\/it\/wp-json\/wp\/v2\/posts"}],"about":[{"href":"https:\/\/dailynewshungary.com\/it\/wp-json\/wp\/v2\/types\/post"}],"author":[{"embeddable":true,"href":"https:\/\/dailynewshungary.com\/it\/wp-json\/wp\/v2\/users\/2"}],"replies":[{"embeddable":true,"href":"https:\/\/dailynewshungary.com\/it\/wp-json\/wp\/v2\/comments?post=738184"}],"version-history":[{"count":0,"href":"https:\/\/dailynewshungary.com\/it\/wp-json\/wp\/v2\/posts\/738184\/revisions"}],"wp:featuredmedia":[{"embeddable":true,"href":"https:\/\/dailynewshungary.com\/it\/wp-json\/wp\/v2\/media\/738185"}],"wp:attachment":[{"href":"https:\/\/dailynewshungary.com\/it\/wp-json\/wp\/v2\/media?parent=738184"}],"wp:term":[{"taxonomy":"category","embeddable":true,"href":"https:\/\/dailynewshungary.com\/it\/wp-json\/wp\/v2\/categories?post=738184"},{"taxonomy":"post_tag","embeddable":true,"href":"https:\/\/dailynewshungary.com\/it\/wp-json\/wp\/v2\/tags?post=738184"}],"curies":[{"name":"wp","href":"https:\/\/api.w.org\/{rel}","templated":true}]}}