{"id":738282,"date":"2014-04-18T18:00:16","date_gmt":"2014-04-18T16:00:16","guid":{"rendered":"https:\/\/dailynewshungary.com\/it\/elezioni-del-pe-introdotto-jobbik\/"},"modified":"2014-04-18T18:00:16","modified_gmt":"2014-04-18T16:00:16","slug":"elezioni-del-pe-introdotto-jobbik","status":"publish","type":"post","link":"https:\/\/dailynewshungary.com\/it\/elezioni-del-pe-introdotto-jobbik\/","title":{"rendered":"Elezioni del PE Introdotto Jobbik"},"content":{"rendered":"<p><strong><span style=\"font-size: 14px; line-height: 1.5em;\">Il presidente della destra radicale Jobbik, Gabor Vona, ha presentato mercoled\u00ec i candidati del partito al Parlamento europeo Al primo posto della nuova lista c&#8217;\u00e8 Krisztina Morvai, attuale eurodeputata di Jobbik, Morvai \u00e8 seguito da Zoltan Balczo, Bela Kov\u00e1cs e Gabor Staudt Kovacs \u00e8 un politico esperto di Jobbik che rappresenta il partito al Parlamento europeo dal 2009, mentre Balczo avrebbe iniziato il suo primo periodo a Bruxelles. In precedenza era vice-presidente del parlamento ungherese.<\/span><\/strong><\/p>\n<p><strong>JOBBIK PRESTA ATTENZIONE ALLE ELEZIONI DEL PE<\/strong><\/p>\n<p>Nel suo discorso Gabor Vona ha sottolineato che considera le elezioni del Parlamento europeo come il secondo turno delle elezioni ungheresi e il suo partito ne preparer\u00e0 lo spirito. Per rispondere alle affermazioni sull&#8217;euroscetticismo di Jobbik, Gabor Vona ha sottolineato: Jobbik non \u00e8 contrario all&#8217;UE ma preferisce un approccio di cooperazione diverso rispetto ai cosiddetti \u201cStati Uniti d&#8217;Europa\u201d.<\/p>\n<p>Gli obiettivi principali di Jobbik nell&#8217;UE sono rivedere e alterare le relazioni tra Ungheria e Unione e ampliare il pi\u00f9 possibile l&#8217;indipendenza economica dell&#8217;Ungheria. Jobbik \u00e8 impegnato a difendere l&#8217;agricoltura ungherese e ad aumentare i salari ungheresi tanto quanto quelli dell&#8217;Europa occidentale, ha detto Vona.<\/p>\n<p><strong>NESSUN RITIRO IMMEDIATO DALL&#8217;UE, HA ANNUNCIATO GABOR VONA<\/strong><\/p>\n<p>Il signor Vona ha negato le affermazioni secondo cui Jobbik avrebbe immediatamente condotto l&#8217;Ungheria fuori dall&#8217;UE Secondo il presidente del partito, nessun attore politico ha il diritto di decidere su questo tema senza chiedere al popolo, Secondo questo, Jobbik valuterebbe pro e contro nei rapporti con l&#8217;UE e indire un referendum sull&#8217;adesione.<\/p>\n<p>Per dimostrare che la concezione delle potenti nazioni europee \u00e8 pensata seriamente dal partito di destra radicale, Jobbik ha inserito nella sua lista un candidato polacco: Jacek Piotr Misztal del movimento polacco Ruch Narodowy ha ottenuto il 16\u00b0 posto<\/p>\n<p>Il presidente di Jobbik ha informato la stampa che il suo partito attendeva almeno 4 seggi a Bruxelles Con questi quattro mandati il partito potrebbe continuare la sua lotta per l&#8217;Europa delle Nazioni, contrariamente agli altri partiti ungheresi che, indipendentemente dalla loro comunicazione interna, servono interessi stranieri nell&#8217;UE.<\/p>\n<p><strong>ASPETTATIVE OTTIMISTICHE DEI RADICALI UNGHERESI<\/strong><\/p>\n<p>Le prossime elezioni dell&#8217;UE sono attese ottimisticamente da Jobbik poich\u00e9 il partito radicale ha raggiunto un p\u00f2 pi\u00f9 del 20 per cento sulle elezioni generali dell&#8217;Ungheria tenutesi il 10 aprile, con questo risultato sembra che siano l&#8217;unico partito che potrebbe aumentare il numero dei suoi sostenitori negli ultimi quattro anni Vale la pena ricordare anche che il primo vero successo di Jobbik \u00e8 in realt\u00e0 collegato alle elezioni dell&#8217;UE: con il suo 16 per cento Jobbik \u00e8 diventato la sorpresa della politica ungherese nel 2009.<\/p>\n<p><em>basato sull&#8217;articolo di MTI<br \/>\ndi SzSz<\/em><\/p>\n","protected":false},"excerpt":{"rendered":"<p>Il presidente della destra radicale Jobbik, Gabor Vona, ha presentato mercoled\u00ec i candidati del partito al Parlamento europeo Al primo posto della nuova lista c&#8217;\u00e8 Krisztina Morvai, attuale eurodeputata di Jobbik, Morvai \u00e8 seguito da Zoltan Balczo, Bela Kov\u00e1cs e Gabor Staudt Kovacs \u00e8 un politico esperto di Jobbik che rappresenta il partito al Parlamento [&hellip;]<\/p>\n","protected":false},"author":2,"featured_media":738283,"comment_status":"open","ping_status":"open","sticky":false,"template":"","format":"standard","meta":{"_display_image":"","footnotes":""},"categories":[1185],"tags":[1412,1075],"class_list":["post-738282","post","type-post","status-publish","format-standard","has-post-thumbnail","hentry","category-politica-in-ungheria","tag-jobbik","tag-unione-europea"],"blocksy_meta":[],"author_username":"alk","telegram_post":"","public_post_metadata":{"breaking_news":"","important":"","csempe":"","center_tile":"","disable_thumbnail":"","target_lang":"","_featured_image_style":"","telegram_post":"","_xlat_group_id":""},"public_rank_math_data":{"title":"%titolo% %sep% %nomesito%","description":"","focus_keyword":"","canonical_url":"","robots":"","primary_category":"1185","breadcrumb_title":"","facebook_title":"","facebook_description":"","facebook_image":"","facebook_image_id":"","twitter_title":"","twitter_description":"","twitter_image":"","twitter_image_id":"","twitter_card_type":"","twitter_use_facebook":"","advanced_robots":"","pillar_content":"","seo_score":"","contentai_score":"","rich_snippet":""},"_links":{"self":[{"href":"https:\/\/dailynewshungary.com\/it\/wp-json\/wp\/v2\/posts\/738282","targetHints":{"allow":["GET"]}}],"collection":[{"href":"https:\/\/dailynewshungary.com\/it\/wp-json\/wp\/v2\/posts"}],"about":[{"href":"https:\/\/dailynewshungary.com\/it\/wp-json\/wp\/v2\/types\/post"}],"author":[{"embeddable":true,"href":"https:\/\/dailynewshungary.com\/it\/wp-json\/wp\/v2\/users\/2"}],"replies":[{"embeddable":true,"href":"https:\/\/dailynewshungary.com\/it\/wp-json\/wp\/v2\/comments?post=738282"}],"version-history":[{"count":0,"href":"https:\/\/dailynewshungary.com\/it\/wp-json\/wp\/v2\/posts\/738282\/revisions"}],"wp:featuredmedia":[{"embeddable":true,"href":"https:\/\/dailynewshungary.com\/it\/wp-json\/wp\/v2\/media\/738283"}],"wp:attachment":[{"href":"https:\/\/dailynewshungary.com\/it\/wp-json\/wp\/v2\/media?parent=738282"}],"wp:term":[{"taxonomy":"category","embeddable":true,"href":"https:\/\/dailynewshungary.com\/it\/wp-json\/wp\/v2\/categories?post=738282"},{"taxonomy":"post_tag","embeddable":true,"href":"https:\/\/dailynewshungary.com\/it\/wp-json\/wp\/v2\/tags?post=738282"}],"curies":[{"name":"wp","href":"https:\/\/api.w.org\/{rel}","templated":true}]}}