{"id":738426,"date":"2014-04-09T11:05:43","date_gmt":"2014-04-09T09:05:43","guid":{"rendered":"https:\/\/dailynewshungary.com\/it\/il-ministro-degli-esteri-martonyi-annuncia-il-suo-ritiro-dal-governo\/"},"modified":"2014-04-09T11:05:43","modified_gmt":"2014-04-09T09:05:43","slug":"il-ministro-degli-esteri-martonyi-annuncia-il-suo-ritiro-dal-governo","status":"publish","type":"post","link":"https:\/\/dailynewshungary.com\/it\/il-ministro-degli-esteri-martonyi-annuncia-il-suo-ritiro-dal-governo\/","title":{"rendered":"Il ministro degli Esteri Martonyi annuncia il suo ritiro dal governo"},"content":{"rendered":"<p><strong>(MTI) J\u00e1nos Martonyi ha annunciato che si ritirer\u00e0 dal governo come ministro degli Esteri alla fine dell&#8217;attuale ciclo di governo.<\/strong><\/p>\n<p>Marted\u00ec il ministro ha fatto l&#8217;annuncio al sito di notizie origo.hu e all&#8217;emittente commerciale InfoRadio in una conferenza.<\/p>\n<p>\u201cSto terminando il mio servizio all&#8217;estero mentre l&#8217;attuale governo parte, ha detto a Origo Martonyi, che ha completato due cicli di governo quadriennali come ministro degli Esteri.<\/p>\n<p>Il sito web di InfoRadio menziona che Martonyi era giunto alla sua decisione prima.<\/p>\n<p>Il settantenne ha affermato di aver trascorso otto anni in carica. Ha detto di aver parlato pi\u00f9 volte con il primo ministro di questo argomento. Non era un segreto che non volesse continuare, ha detto, aggiungendo che a met\u00e0 ciclo erano circolate voci secondo cui nel 2010 aveva accettato di assumere l&#8217;incarico solo per un periodo di due anni.<\/p>\n<p>Martonyi ha detto che \u00e8 stato un grande onore dirigere il ministero degli Esteri per otto anni.<\/p>\n<p><em>Foto: www.kormany.hu<\/em><\/p>\n","protected":false},"excerpt":{"rendered":"<p>(MTI) J\u00e1nos Martonyi ha annunciato che si ritirer\u00e0 dal governo come ministro degli Esteri alla fine dell&#8217;attuale ciclo di governo. Marted\u00ec il ministro ha fatto l&#8217;annuncio al sito di notizie origo.hu e all&#8217;emittente commerciale InfoRadio in una conferenza. \u201cSto terminando il mio servizio all&#8217;estero mentre l&#8217;attuale governo parte, ha detto a Origo Martonyi, che ha [&hellip;]<\/p>\n","protected":false},"author":2,"featured_media":738427,"comment_status":"open","ping_status":"open","sticky":false,"template":"","format":"standard","meta":{"_display_image":"","footnotes":""},"categories":[1185],"tags":[1092],"class_list":["post-738426","post","type-post","status-publish","format-standard","has-post-thumbnail","hentry","category-politica-in-ungheria","tag-ministero-degli-affari-esteri-dellungheria"],"blocksy_meta":[],"author_username":"alk","telegram_post":"","public_post_metadata":{"breaking_news":"","important":"","csempe":"","center_tile":"","disable_thumbnail":"","target_lang":"","_featured_image_style":"","telegram_post":"","_xlat_group_id":""},"public_rank_math_data":{"title":"%titolo% %sep% %nomesito%","description":"","focus_keyword":"","canonical_url":"","robots":"","primary_category":"1185","breadcrumb_title":"","facebook_title":"","facebook_description":"","facebook_image":"","facebook_image_id":"","twitter_title":"","twitter_description":"","twitter_image":"","twitter_image_id":"","twitter_card_type":"","twitter_use_facebook":"","advanced_robots":"","pillar_content":"","seo_score":"","contentai_score":"","rich_snippet":""},"_links":{"self":[{"href":"https:\/\/dailynewshungary.com\/it\/wp-json\/wp\/v2\/posts\/738426","targetHints":{"allow":["GET"]}}],"collection":[{"href":"https:\/\/dailynewshungary.com\/it\/wp-json\/wp\/v2\/posts"}],"about":[{"href":"https:\/\/dailynewshungary.com\/it\/wp-json\/wp\/v2\/types\/post"}],"author":[{"embeddable":true,"href":"https:\/\/dailynewshungary.com\/it\/wp-json\/wp\/v2\/users\/2"}],"replies":[{"embeddable":true,"href":"https:\/\/dailynewshungary.com\/it\/wp-json\/wp\/v2\/comments?post=738426"}],"version-history":[{"count":0,"href":"https:\/\/dailynewshungary.com\/it\/wp-json\/wp\/v2\/posts\/738426\/revisions"}],"wp:featuredmedia":[{"embeddable":true,"href":"https:\/\/dailynewshungary.com\/it\/wp-json\/wp\/v2\/media\/738427"}],"wp:attachment":[{"href":"https:\/\/dailynewshungary.com\/it\/wp-json\/wp\/v2\/media?parent=738426"}],"wp:term":[{"taxonomy":"category","embeddable":true,"href":"https:\/\/dailynewshungary.com\/it\/wp-json\/wp\/v2\/categories?post=738426"},{"taxonomy":"post_tag","embeddable":true,"href":"https:\/\/dailynewshungary.com\/it\/wp-json\/wp\/v2\/tags?post=738426"}],"curies":[{"name":"wp","href":"https:\/\/api.w.org\/{rel}","templated":true}]}}