{"id":738448,"date":"2014-04-07T18:30:02","date_gmt":"2014-04-07T16:30:02","guid":{"rendered":"https:\/\/dailynewshungary.com\/it\/gli-analisti-prevedono-la-politica-economica-fidesz-diconsolidation\/"},"modified":"2014-04-07T18:30:02","modified_gmt":"2014-04-07T16:30:02","slug":"gli-analisti-prevedono-la-politica-economica-fidesz-diconsolidation","status":"publish","type":"post","link":"https:\/\/dailynewshungary.com\/it\/gli-analisti-prevedono-la-politica-economica-fidesz-diconsolidation\/","title":{"rendered":"Gli analisti prevedono la politica economica Fidesz di\u201cconsolidation\u201d"},"content":{"rendered":"<p><strong>Budapest, 7 aprile (MTI) 7 Gli analisti economici intervistati oggi da MTI si aspettano che Fidesz, che ha ottenuto una vittoria schiacciante nelle elezioni di domenica, continui le sue politiche economiche nel nuovo mandato.<\/strong><\/p>\n<p>Peter Heim, capo dell&#8217;istituto di ricerca economica Szazadveg, ha affermato che il nuovo governo Fidesz probabilmente manterr\u00e0 il deficit di bilancio al di sotto del 3% del prodotto interno lordo (PIL), e che il deficit probabilmente si avviciner\u00e0 al 2% nel 2015.<\/p>\n<p>La crescita economica inizier\u00e0 e il governo eliminer\u00e0 cautamente le tasse settoriali dal sistema, ha detto Heim, aggiungendo che \u201cparadossalmente\u201d si aspetta che Fidesz inizi a introdurre misure economiche decentralizzate a partire dal 2015 dopo le politiche centralizzate degli ultimi anni.<\/p>\n<p>\u00c8 probabile che il governo smetta di rafforzare la posizione dello Stato nei settori finanziario ed energetico e, pur mantenendo il suo potere in questi settori e servizi pubblici, si ritirerebbe da altri settori, ha affermato.<\/p>\n<p>Heim ha previsto che il settore delle piccole e medie imprese (PMI) ricever\u00e0 pi\u00f9 sostegno rispetto a prima nel prossimo periodo di finanziamento dell\u2019Unione Europea 2014-2020.<\/p>\n<p>Zoltan Adam, ricercatore senior presso Kopint-Tarki ha affermato che il discorso di vittoria post-elettorale di Orban ieri sera ha suggerito che in futuro perseguir\u00e0 politiche pi\u00f9 prevedibili e apparir\u00e0 pi\u00f9 consolidato nei confronti dell&#8217;UE. Ha affermato che le multinazionali e le banche continueranno a essere sfavorevoli dalle politiche governative e, se saranno necessari aggiustamenti di bilancio, saranno questi settori ad essere presi di mira.<\/p>\n<p>La crescita economica \u00e8 prevista al 2,2 per cento quest&#8217;anno e il prossimo con una politica economica pi\u00f9 consolidata, ha detto Fidesz non cambier\u00e0 il suo modello di politica economica e non ridurr\u00e0 gli oneri per gli attori economici ma cercher\u00e0 di sostenere gli investitori nazionali, ha aggiunto.<\/p>\n<p>Gabor Karsai, vice amministratore delegato dell&#8217;istituto di ricerca economica GKI, ha affermato che la visione di Fidesz \u00e8 stata quella di stimolare la crescita aumentando il ruolo dello Stato nell&#8217;economia e introducendo la flat tax, quindi \u00e8 probabile che si attenga a queste strategie in futuro. Ha previsto che non ci sar\u00e0 alcuna ulteriore riduzione delle bollette energetiche e che anche il numero dei lavoratori pubblici sar\u00e0 ridotto dall&#8217;autunno. GKI prevede che l&#8217;attuale miglioramento dell&#8217;economia sar\u00e0 solo temporaneo e si stabilir\u00e0 all&#8217;1,5% nel lungo periodo mentre gli altri paesi della regione cresceranno pi\u00f9 velocemente, ha detto Karsai.<\/p>\n<p>Zoltan Torok, analista senior presso Raiffeisen Bank, ha convenuto che Fidesz continuer\u00e0 le sue politiche e ha previsto una crescita del 2% per il 2014.<\/p>\n<p><em>Foto:&nbsp;<a href=\"http:\/\/szegedma.hu\/cimke\/heim-peter\" data-ved=\"0CAQQjB0\" target=\"_blank\" rel=\"noopener\">szegedma.hu<\/a><\/em><\/p>\n","protected":false},"excerpt":{"rendered":"<p>Budapest, 7 aprile (MTI) 7 Gli analisti economici intervistati oggi da MTI si aspettano che Fidesz, che ha ottenuto una vittoria schiacciante nelle elezioni di domenica, continui le sue politiche economiche nel nuovo mandato. Peter Heim, capo dell&#8217;istituto di ricerca economica Szazadveg, ha affermato che il nuovo governo Fidesz probabilmente manterr\u00e0 il deficit di bilancio [&hellip;]<\/p>\n","protected":false},"author":2,"featured_media":738449,"comment_status":"open","ping_status":"open","sticky":false,"template":"","format":"standard","meta":{"_display_image":"","footnotes":""},"categories":[1314],"tags":[1132],"class_list":["post-738448","post","type-post","status-publish","format-standard","has-post-thumbnail","hentry","category-economia-in-ungheria","tag-economia"],"blocksy_meta":[],"author_username":"alk","telegram_post":"","public_post_metadata":{"breaking_news":"","important":"","csempe":"","center_tile":"","disable_thumbnail":"","target_lang":"","_featured_image_style":"","telegram_post":"","_xlat_group_id":""},"public_rank_math_data":{"title":"%titolo% %sep% %nomesito%","description":"","focus_keyword":"","canonical_url":"","robots":"","primary_category":"1314","breadcrumb_title":"","facebook_title":"","facebook_description":"","facebook_image":"","facebook_image_id":"","twitter_title":"","twitter_description":"","twitter_image":"","twitter_image_id":"","twitter_card_type":"","twitter_use_facebook":"","advanced_robots":"","pillar_content":"","seo_score":"","contentai_score":"","rich_snippet":""},"_links":{"self":[{"href":"https:\/\/dailynewshungary.com\/it\/wp-json\/wp\/v2\/posts\/738448","targetHints":{"allow":["GET"]}}],"collection":[{"href":"https:\/\/dailynewshungary.com\/it\/wp-json\/wp\/v2\/posts"}],"about":[{"href":"https:\/\/dailynewshungary.com\/it\/wp-json\/wp\/v2\/types\/post"}],"author":[{"embeddable":true,"href":"https:\/\/dailynewshungary.com\/it\/wp-json\/wp\/v2\/users\/2"}],"replies":[{"embeddable":true,"href":"https:\/\/dailynewshungary.com\/it\/wp-json\/wp\/v2\/comments?post=738448"}],"version-history":[{"count":0,"href":"https:\/\/dailynewshungary.com\/it\/wp-json\/wp\/v2\/posts\/738448\/revisions"}],"wp:featuredmedia":[{"embeddable":true,"href":"https:\/\/dailynewshungary.com\/it\/wp-json\/wp\/v2\/media\/738449"}],"wp:attachment":[{"href":"https:\/\/dailynewshungary.com\/it\/wp-json\/wp\/v2\/media?parent=738448"}],"wp:term":[{"taxonomy":"category","embeddable":true,"href":"https:\/\/dailynewshungary.com\/it\/wp-json\/wp\/v2\/categories?post=738448"},{"taxonomy":"post_tag","embeddable":true,"href":"https:\/\/dailynewshungary.com\/it\/wp-json\/wp\/v2\/tags?post=738448"}],"curies":[{"name":"wp","href":"https:\/\/api.w.org\/{rel}","templated":true}]}}