{"id":738774,"date":"2014-03-16T08:30:31","date_gmt":"2014-03-16T07:30:31","guid":{"rendered":"https:\/\/dailynewshungary.com\/it\/commemorazioni-del-1-marzo-5-commemorazioni-del-bacino-dei-carpazi-nella-galleria-fotografica-5\/"},"modified":"2014-03-16T08:30:31","modified_gmt":"2014-03-16T07:30:31","slug":"commemorazioni-del-1-marzo-5-commemorazioni-del-bacino-dei-carpazi-nella-galleria-fotografica-5","status":"publish","type":"post","link":"https:\/\/dailynewshungary.com\/it\/commemorazioni-del-1-marzo-5-commemorazioni-del-bacino-dei-carpazi-nella-galleria-fotografica-5\/","title":{"rendered":"Commemorazioni del 1 marzo 5 Commemorazioni del bacino dei Carpazi nella Galleria fotografica 5"},"content":{"rendered":"<p><strong>La rivoluzione ha cambiato tutto 166 anni fa, e gli ungheresi celebrano con orgoglio gli eroi della rivoluzione ovunque nel bacino dei Carpazi.&nbsp;<\/strong><\/p>\n<p style=\"text-align: center;\"><a href=\"https:\/\/dailynewshungary.com\/wp-content\/uploads\/2014\/03\/march-15-b\u00e1cskossuthfalva.jpg\" data-pswp-width=\"\" data-pswp-height=\"\" data-cropped=\"true\"><img loading=\"lazy\" decoding=\"async\" class=\"alignnone size-full wp-image-5532\" alt=\"15 marzo - b\u00e1cskossuthfalva\" src=\"https:\/\/dailynewshungary.com\/wp-content\/uploads\/2014\/03\/march-15-b\u00e1cskossuthfalva.jpg\" width=\"600\" height=\"397\" srcset=\"https:\/\/contentf5.dailynewshungary.com\/wp-content\/uploads\/2014\/03\/march-15-b\u00e1cskossuthfalva.jpg 600w, https:\/\/contentf5.dailynewshungary.com\/wp-content\/uploads\/2014\/03\/march-15-b\u00e1cskossuthfalva-300x200.jpg 300w\" sizes=\"auto, (max-width: 600px) 100vw, 600px\"><\/a><br \/>\n<em>B\u00e1cskossuthfalva (Stara Moravica, Serbia)<\/em><\/p>\n<p style=\"text-align: center;\"><a href=\"https:\/\/dailynewshungary.com\/wp-content\/uploads\/2014\/03\/march-15-b\u00e9k\u00e1s.jpg\" data-pswp-width=\"\" data-pswp-height=\"\" data-cropped=\"true\"><img loading=\"lazy\" decoding=\"async\" class=\"alignnone size-full wp-image-5533\" alt=\"15 marzo - b\u00e9k\u00e1s\" src=\"https:\/\/dailynewshungary.com\/wp-content\/uploads\/2014\/03\/march-15-b\u00e9k\u00e1s.jpg\" width=\"600\" height=\"375\" srcset=\"https:\/\/contentf5.dailynewshungary.com\/wp-content\/uploads\/2014\/03\/march-15-b\u00e9k\u00e1s.jpg 600w, https:\/\/contentf5.dailynewshungary.com\/wp-content\/uploads\/2014\/03\/march-15-b\u00e9k\u00e1s-300x187.jpg 300w, https:\/\/contentf5.dailynewshungary.com\/wp-content\/uploads\/2014\/03\/march-15-b\u00e9k\u00e1s-290x180.jpg 290w\" sizes=\"auto, (max-width: 600px) 100vw, 600px\"><\/a><br \/>\n<em>Il presidente Ader a B\u00e9k\u00e1s<\/em><\/p>\n<p style=\"text-align: center;\"><a href=\"https:\/\/dailynewshungary.com\/wp-content\/uploads\/2014\/03\/march-15-budapest.jpg\" data-pswp-width=\"\" data-pswp-height=\"\" data-cropped=\"true\"><img loading=\"lazy\" decoding=\"async\" class=\"alignnone size-full wp-image-5534\" alt=\"15 marzo - budapest\" src=\"https:\/\/dailynewshungary.com\/wp-content\/uploads\/2014\/03\/march-15-budapest.jpg\" width=\"600\" height=\"400\" srcset=\"https:\/\/contentf5.dailynewshungary.com\/wp-content\/uploads\/2014\/03\/march-15-budapest.jpg 600w, https:\/\/contentf5.dailynewshungary.com\/wp-content\/uploads\/2014\/03\/march-15-budapest-300x200.jpg 300w\" sizes=\"auto, (max-width: 600px) 100vw, 600px\"><\/a><br \/>\n<em>Budapest<\/em><\/p>\n<p style=\"text-align: center;\"><img loading=\"lazy\" decoding=\"async\" class=\"alignnone size-full wp-image-5535\" alt=\"15 marzo - k\u00e9zdiv\u00e1s\u00e1rhely\" src=\"https:\/\/dailynewshungary.com\/wp-content\/uploads\/2014\/03\/march-15-k\u00e9zdiv\u00e1s\u00e1rhely.jpg\" width=\"600\" height=\"400\" srcset=\"https:\/\/contentf5.dailynewshungary.com\/wp-content\/uploads\/2014\/03\/march-15-k\u00e9zdiv\u00e1s\u00e1rhely.jpg 600w, https:\/\/contentf5.dailynewshungary.com\/wp-content\/uploads\/2014\/03\/march-15-k\u00e9zdiv\u00e1s\u00e1rhely-300x200.jpg 300w\" sizes=\"auto, (max-width: 600px) 100vw, 600px\"><br \/>\n<em>K\u00e9zdiv\u00e1s\u00e1rhely (T\u00e2rgu Secuiesc, Romania)<\/em><\/p>\n<p style=\"text-align: center;\"><a href=\"https:\/\/dailynewshungary.com\/wp-content\/uploads\/2014\/03\/march-15-kom\u00e1rom.jpg\" data-pswp-width=\"\" data-pswp-height=\"\" data-cropped=\"true\"><img loading=\"lazy\" decoding=\"async\" class=\"alignnone size-full wp-image-5536\" alt=\"15 marzo - kom\u00e1rom\" src=\"https:\/\/dailynewshungary.com\/wp-content\/uploads\/2014\/03\/march-15-kom\u00e1rom.jpg\" width=\"600\" height=\"377\" srcset=\"https:\/\/contentf5.dailynewshungary.com\/wp-content\/uploads\/2014\/03\/march-15-kom\u00e1rom.jpg 600w, https:\/\/contentf5.dailynewshungary.com\/wp-content\/uploads\/2014\/03\/march-15-kom\u00e1rom-300x188.jpg 300w\" sizes=\"auto, (max-width: 600px) 100vw, 600px\"><\/a><br \/>\n<em>R\u00e9vkom\u00e1rom (Komarno, Slovacchia)<\/em><\/p>\n<p style=\"text-align: center;\"><a href=\"https:\/\/dailynewshungary.com\/wp-content\/uploads\/2014\/03\/march-15-nagyv\u00e1rad.jpg\" data-pswp-width=\"\" data-pswp-height=\"\" data-cropped=\"true\"><img loading=\"lazy\" decoding=\"async\" class=\"alignnone size-full wp-image-5537\" alt=\"15 marzo - nagyv\u00e1rad\" src=\"https:\/\/dailynewshungary.com\/wp-content\/uploads\/2014\/03\/march-15-nagyv\u00e1rad.jpg\" width=\"600\" height=\"400\" srcset=\"https:\/\/contentf5.dailynewshungary.com\/wp-content\/uploads\/2014\/03\/march-15-nagyv\u00e1rad.jpg 600w, https:\/\/contentf5.dailynewshungary.com\/wp-content\/uploads\/2014\/03\/march-15-nagyv\u00e1rad-300x200.jpg 300w\" sizes=\"auto, (max-width: 600px) 100vw, 600px\"><\/a><br \/>\n<em>Nagyv\u00e1rad (Oradea, Romania)<\/em><\/p>\n<p style=\"text-align: center;\"><a href=\"https:\/\/dailynewshungary.com\/wp-content\/uploads\/2014\/03\/march-15-szeged.jpg\" data-pswp-width=\"\" data-pswp-height=\"\" data-cropped=\"true\"><img loading=\"lazy\" decoding=\"async\" class=\"alignnone size-full wp-image-5538\" alt=\"15 marzo - szeged\" src=\"https:\/\/dailynewshungary.com\/wp-content\/uploads\/2014\/03\/march-15-szeged.jpg\" width=\"600\" height=\"352\" srcset=\"https:\/\/contentf5.dailynewshungary.com\/wp-content\/uploads\/2014\/03\/march-15-szeged.jpg 600w, https:\/\/contentf5.dailynewshungary.com\/wp-content\/uploads\/2014\/03\/march-15-szeged-300x176.jpg 300w\" sizes=\"auto, (max-width: 600px) 100vw, 600px\"><\/a><br \/>\n<em>Seghedino<\/em><\/p>\n<p style=\"text-align: center;\"><img loading=\"lazy\" decoding=\"async\" class=\"alignnone size-full wp-image-5539\" alt=\"15 marzo - ungv\u00e1r\" src=\"https:\/\/dailynewshungary.com\/wp-content\/uploads\/2014\/03\/march-15-ungv\u00e1r.jpg\" width=\"600\" height=\"400\" srcset=\"https:\/\/contentf5.dailynewshungary.com\/wp-content\/uploads\/2014\/03\/march-15-ungv\u00e1r.jpg 600w, https:\/\/contentf5.dailynewshungary.com\/wp-content\/uploads\/2014\/03\/march-15-ungv\u00e1r-300x200.jpg 300w\" sizes=\"auto, (max-width: 600px) 100vw, 600px\"><br \/>\n<em>Ungv\u00e1r (Uzshorod, Ucraina)<\/em><\/p>\n<p><em>Foto: MTI<\/em><\/p>\n","protected":false},"excerpt":{"rendered":"<p>La rivoluzione ha cambiato tutto 166 anni fa, e gli ungheresi celebrano con orgoglio gli eroi della rivoluzione ovunque nel bacino dei Carpazi.&nbsp; B\u00e1cskossuthfalva (Stara Moravica, Serbia) Il presidente Ader a B\u00e9k\u00e1s Budapest K\u00e9zdiv\u00e1s\u00e1rhely (T\u00e2rgu Secuiesc, Romania) R\u00e9vkom\u00e1rom (Komarno, Slovacchia) Nagyv\u00e1rad (Oradea, Romania) Seghedino Ungv\u00e1r (Uzshorod, Ucraina) Foto: MTI<\/p>\n","protected":false},"author":2,"featured_media":738775,"comment_status":"open","ping_status":"open","sticky":false,"template":"","format":"standard","meta":{"_display_image":"","footnotes":""},"categories":[1304],"tags":[1223],"class_list":["post-738774","post","type-post","status-publish","format-standard","has-post-thumbnail","hentry","category-cultura-in-ungheria","tag-storia"],"blocksy_meta":[],"author_username":"alk","telegram_post":"","public_post_metadata":{"breaking_news":"","important":"","csempe":"","center_tile":"","disable_thumbnail":"","target_lang":"","_featured_image_style":"","telegram_post":"","_xlat_group_id":""},"public_rank_math_data":{"title":"%titolo% %sep% %nomesito%","description":"","focus_keyword":"","canonical_url":"","robots":"","primary_category":"1304","breadcrumb_title":"","facebook_title":"","facebook_description":"","facebook_image":"","facebook_image_id":"","twitter_title":"","twitter_description":"","twitter_image":"","twitter_image_id":"","twitter_card_type":"","twitter_use_facebook":"","advanced_robots":"","pillar_content":"","seo_score":"","contentai_score":"","rich_snippet":""},"_links":{"self":[{"href":"https:\/\/dailynewshungary.com\/it\/wp-json\/wp\/v2\/posts\/738774","targetHints":{"allow":["GET"]}}],"collection":[{"href":"https:\/\/dailynewshungary.com\/it\/wp-json\/wp\/v2\/posts"}],"about":[{"href":"https:\/\/dailynewshungary.com\/it\/wp-json\/wp\/v2\/types\/post"}],"author":[{"embeddable":true,"href":"https:\/\/dailynewshungary.com\/it\/wp-json\/wp\/v2\/users\/2"}],"replies":[{"embeddable":true,"href":"https:\/\/dailynewshungary.com\/it\/wp-json\/wp\/v2\/comments?post=738774"}],"version-history":[{"count":0,"href":"https:\/\/dailynewshungary.com\/it\/wp-json\/wp\/v2\/posts\/738774\/revisions"}],"wp:featuredmedia":[{"embeddable":true,"href":"https:\/\/dailynewshungary.com\/it\/wp-json\/wp\/v2\/media\/738775"}],"wp:attachment":[{"href":"https:\/\/dailynewshungary.com\/it\/wp-json\/wp\/v2\/media?parent=738774"}],"wp:term":[{"taxonomy":"category","embeddable":true,"href":"https:\/\/dailynewshungary.com\/it\/wp-json\/wp\/v2\/categories?post=738774"},{"taxonomy":"post_tag","embeddable":true,"href":"https:\/\/dailynewshungary.com\/it\/wp-json\/wp\/v2\/tags?post=738774"}],"curies":[{"name":"wp","href":"https:\/\/api.w.org\/{rel}","templated":true}]}}