{"id":738778,"date":"2014-03-15T19:30:58","date_gmt":"2014-03-15T18:30:58","guid":{"rendered":"https:\/\/dailynewshungary.com\/it\/discorsi-politici-il-15-marzo-vona-jobbik\/"},"modified":"2014-03-15T19:30:58","modified_gmt":"2014-03-15T18:30:58","slug":"discorsi-politici-il-15-marzo-vona-jobbik","status":"publish","type":"post","link":"https:\/\/dailynewshungary.com\/it\/discorsi-politici-il-15-marzo-vona-jobbik\/","title":{"rendered":"Discorsi politici il 15 marzo Vona (Jobbik)"},"content":{"rendered":"<p><strong>Budapest, 5 marzo (MTI) 1 Ci\u00f2 che gli ungheresi vogliono \u00e8 la libert\u00e0, e il partito nazionalista radicale Jobbik vuole vincere le prossime elezioni generali per rilanciare il paese, ha detto oggi il leader di Jobbik Gabor Vona in una manifestazione del 15 marzo a Budapest.<\/strong><\/p>\n<p>Rivolgendosi alla folla, Vona ha chiesto se gli ungheresi fossero liberi se \u201cci si aspetta che lavorino come europei, paghino i prezzi europei, ma si sentano vietnamiti quando ricevono il loro salario\u201d L&#8217;Ungheria non ha fabbriche proprie, il paese \u201clavora come schiavo per altri\u201d e centinaia di migliaia\u201d di ungheresi sono \u201cfuggire dal paese\u201d.<\/p>\n<p>\u201cNon siamo liberi e vogliamo una vera libert\u00e0 economica, combattere\u201d, ha detto Vona e ha suggerito che la guerra economica di indipendenza sostenuta da Fidesz riguardava pi\u00f9 la politica di potere del [primo ministro] Viktor Orban che qualsiasi cosa abbia a che fare con la nazione ungherese\u201d.<\/p>\n<p><a href=\"https:\/\/dailynewshungary.com\/wp-content\/uploads\/2014\/03\/March-15-Vona-2.jpg\" data-pswp-width=\"\" data-pswp-height=\"\" data-cropped=\"true\"><img loading=\"lazy\" decoding=\"async\" class=\" wp-image-5493 alignleft\" alt=\"15 marzo - Vona-2\" src=\"https:\/\/dailynewshungary.com\/wp-content\/uploads\/2014\/03\/March-15-Vona-2-176x300.jpg\" width=\"123\" height=\"210\" srcset=\"https:\/\/contentf5.dailynewshungary.com\/wp-content\/uploads\/2014\/03\/March-15-Vona-2-176x300.jpg 176w, https:\/\/contentf5.dailynewshungary.com\/wp-content\/uploads\/2014\/03\/March-15-Vona-2.jpg 353w\" sizes=\"auto, (max-width: 123px) 100vw, 123px\"><\/a>\u201cLa libert\u00e0 \u00e8 ancora viva nei nostri cuori e baster\u00e0 una scintilla perch\u00e9 i nipoti di Attila e i figli di Arpad dimostrino la loro forza, ha detto nel suo discorso\u201d Vona. \u201cNon cambieremo per il bene di Gyurcsanys o Orbans&#8230; non diventeremo mai una colonia, ha insistito\u201d.<\/p>\n<p>Nel suo discorso, Vona si rifer\u00ec a suo nonno, che era stato pronto a morire per la Transilvania\u201d e disse che sarebbe morto anche lui con orgoglio per la nazione\u201d se quello fosse stato il suo destino.<\/p>\n<p><em>Foto: MTI<\/em><\/p>\n","protected":false},"excerpt":{"rendered":"<p>Budapest, 5 marzo (MTI) 1 Ci\u00f2 che gli ungheresi vogliono \u00e8 la libert\u00e0, e il partito nazionalista radicale Jobbik vuole vincere le prossime elezioni generali per rilanciare il paese, ha detto oggi il leader di Jobbik Gabor Vona in una manifestazione del 15 marzo a Budapest. Rivolgendosi alla folla, Vona ha chiesto se gli ungheresi [&hellip;]<\/p>\n","protected":false},"author":2,"featured_media":738779,"comment_status":"open","ping_status":"open","sticky":false,"template":"","format":"standard","meta":{"_display_image":"","footnotes":""},"categories":[1185],"tags":[1412],"class_list":["post-738778","post","type-post","status-publish","format-standard","has-post-thumbnail","hentry","category-politica-in-ungheria","tag-jobbik"],"blocksy_meta":[],"author_username":"alk","telegram_post":"","public_post_metadata":{"breaking_news":"","important":"","csempe":"","center_tile":"","disable_thumbnail":"","target_lang":"","_featured_image_style":"","telegram_post":"","_xlat_group_id":""},"public_rank_math_data":{"title":"%titolo% %sep% %nomesito%","description":"","focus_keyword":"","canonical_url":"","robots":"","primary_category":"1185","breadcrumb_title":"","facebook_title":"","facebook_description":"","facebook_image":"","facebook_image_id":"","twitter_title":"","twitter_description":"","twitter_image":"","twitter_image_id":"","twitter_card_type":"","twitter_use_facebook":"","advanced_robots":"","pillar_content":"","seo_score":"","contentai_score":"","rich_snippet":""},"_links":{"self":[{"href":"https:\/\/dailynewshungary.com\/it\/wp-json\/wp\/v2\/posts\/738778","targetHints":{"allow":["GET"]}}],"collection":[{"href":"https:\/\/dailynewshungary.com\/it\/wp-json\/wp\/v2\/posts"}],"about":[{"href":"https:\/\/dailynewshungary.com\/it\/wp-json\/wp\/v2\/types\/post"}],"author":[{"embeddable":true,"href":"https:\/\/dailynewshungary.com\/it\/wp-json\/wp\/v2\/users\/2"}],"replies":[{"embeddable":true,"href":"https:\/\/dailynewshungary.com\/it\/wp-json\/wp\/v2\/comments?post=738778"}],"version-history":[{"count":0,"href":"https:\/\/dailynewshungary.com\/it\/wp-json\/wp\/v2\/posts\/738778\/revisions"}],"wp:featuredmedia":[{"embeddable":true,"href":"https:\/\/dailynewshungary.com\/it\/wp-json\/wp\/v2\/media\/738779"}],"wp:attachment":[{"href":"https:\/\/dailynewshungary.com\/it\/wp-json\/wp\/v2\/media?parent=738778"}],"wp:term":[{"taxonomy":"category","embeddable":true,"href":"https:\/\/dailynewshungary.com\/it\/wp-json\/wp\/v2\/categories?post=738778"},{"taxonomy":"post_tag","embeddable":true,"href":"https:\/\/dailynewshungary.com\/it\/wp-json\/wp\/v2\/tags?post=738778"}],"curies":[{"name":"wp","href":"https:\/\/api.w.org\/{rel}","templated":true}]}}