{"id":738907,"date":"2014-03-06T08:30:40","date_gmt":"2014-03-06T07:30:40","guid":{"rendered":"https:\/\/dailynewshungary.com\/it\/il-ministro-degli-esteri-austriaco-tiene-colloqui-in-ungheria\/"},"modified":"2014-03-06T08:30:40","modified_gmt":"2014-03-06T07:30:40","slug":"il-ministro-degli-esteri-austriaco-tiene-colloqui-in-ungheria","status":"publish","type":"post","link":"https:\/\/dailynewshungary.com\/it\/il-ministro-degli-esteri-austriaco-tiene-colloqui-in-ungheria\/","title":{"rendered":"Il ministro degli Esteri austriaco tiene colloqui in Ungheria"},"content":{"rendered":"<p><strong>(MTI) Le relazioni ungherese-austriache sono molto importanti e rimangono solide nonostante controversie minori o maggiori, ha detto mercoled\u00ec il ministro degli Esteri Janos Martonyi dopo aver incontrato il suo omologo austriaco Sebastian Kurz a Budapest.<\/strong><\/p>\n<p>Martonyi ha detto in una conferenza stampa congiunta che ci sono solo due questioni su cui i due paesi hanno divergenze di opinione: le banche austriache e la legge fondiaria ungherese. Ha detto che le questioni non dovrebbero creare tensioni politiche tra i loro paesi e che l&#8217;Austria dovr\u00e0 rimanere attiva nella cooperazione centroeuropea anche in futuro.<\/p>\n<p>Martonyi ha detto che lui e Kurz hanno menzionato l&#8217;adozione di un&#8217;azione diplomatica congiunta in relazione alla situazione in Bosnia-Erzegovina.<\/p>\n<p>Manifestazioni antigovernative si sono svolte in tutto il Paese.<\/p>\n<p>Martonyi ha aggiunto che le centrali eoliche austriache vicino al confine ungherese sollevano questioni ambientali, Sebbene ci\u00f2 rientri nella competenza delle province, anche in questa materia dovrebbe essere promosso un autentico dialogo bilaterale, ha affermato.<\/p>\n<p>Kurz ha affermato che gli investitori austriaci necessitano di maggiore prevedibilit\u00e0, di un quadro giuridico stabile e di un trattamento non discriminatorio per creare posti di lavoro e investire in Ungheria.<\/p>\n<p>Per quanto riguarda la nuova legge fondiaria ungherese, Kurz ha affermato di aver messo alcuni agricoltori austriaci in una situazione difficile. L\u2019Austria sta ora aspettando la posizione dell\u2019UE sulla conformit\u00e0 o meno della legge ungherese agli standard legali dell\u2019UE. Ha convenuto che, come paesi vicini, Ungheria e Austria dovrebbero sempre sforzarsi di discutere questioni difficili.<\/p>\n<p>Ha detto che i loro paesi miravano a cooperare su diverse questioni internazionali e dell&#8217;Unione europea I loro interessi coincidono sugli sviluppi della strategia dei Balcani occidentali e del Danubio, ha aggiunto.<\/p>\n<p>Quest&#8217;anno l&#8217;anniversario della caduta della cortina di ferro e l&#8217;adesione dell&#8217;Ungheria all&#8217;UE offriranno opportunit\u00e0 per celebrazioni congiunte, ha affermato Kurz.<\/p>\n<p><a href=\"https:\/\/dailynewshungary.com\/wp-content\/uploads\/2014\/03\/kurz-in-hungary.jpg\" data-pswp-width=\"\" data-pswp-height=\"\" data-cropped=\"true\"><img loading=\"lazy\" decoding=\"async\" class=\"size-full wp-image-5178 aligncenter\" alt=\"kurz in ungheria\" src=\"https:\/\/dailynewshungary.com\/wp-content\/uploads\/2014\/03\/kurz-in-hungary.jpg\" width=\"600\" height=\"399\" srcset=\"https:\/\/contentf5.dailynewshungary.com\/wp-content\/uploads\/2014\/03\/kurz-in-hungary.jpg 600w, https:\/\/contentf5.dailynewshungary.com\/wp-content\/uploads\/2014\/03\/kurz-in-hungary-300x200.jpg 300w\" sizes=\"auto, (max-width: 600px) 100vw, 600px\"><\/a><\/p>\n<p>Anche il capo del commercio estero ungherese, Peter Szijjarto, ha avuto colloqui con Sebastian Kurz e la sua delegazione in Parlamento, ha detto il suo capo della stampa.<\/p>\n<p>Le parti hanno convenuto che una buona cooperazione tra i due paesi \u00e8 di interesse comune poich\u00e9 le loro economie dipendono l&#8217;una dall&#8217;altra, ha affermato Judit Fulop. L&#8217;Austria \u00e8 il secondo partner commerciale pi\u00f9 importante dell&#8217;Ungheria, con un commercio bilaterale che ammonta a 9-10 miliardi di euro. L&#8217;Austria \u00e8 il quarto maggiore investitore in Ungheria con investimenti per un totale di 9 miliardi di euro, ha affermato.<\/p>\n<p>Szijjarto ha preso atto degli accordi di partenariato strategico che il governo ungherese ha concluso con due importanti societ\u00e0 di propriet\u00e0 austriaca, Leier Hungaria e Prinzhorn Group.<\/p>\n<p>Szijjarto ha sottolineato l&#8217;importanza della cooperazione transfrontaliera e ha indicato l&#8217;impegno del governo ungherese a costruire 20 nuovi valichi di frontiera da aggiungere ai 29 esistenti nel periodo 2014-2020.<\/p>\n<p>Foto: MTI<\/p>\n","protected":false},"excerpt":{"rendered":"<p>(MTI) Le relazioni ungherese-austriache sono molto importanti e rimangono solide nonostante controversie minori o maggiori, ha detto mercoled\u00ec il ministro degli Esteri Janos Martonyi dopo aver incontrato il suo omologo austriaco Sebastian Kurz a Budapest. Martonyi ha detto in una conferenza stampa congiunta che ci sono solo due questioni su cui i due paesi hanno [&hellip;]<\/p>\n","protected":false},"author":2,"featured_media":738908,"comment_status":"open","ping_status":"open","sticky":false,"template":"","format":"standard","meta":{"_display_image":"","footnotes":""},"categories":[1185],"tags":[1092],"class_list":["post-738907","post","type-post","status-publish","format-standard","has-post-thumbnail","hentry","category-politica-in-ungheria","tag-ministero-degli-affari-esteri-dellungheria"],"blocksy_meta":[],"author_username":"alk","telegram_post":"","public_post_metadata":{"breaking_news":"","important":"","csempe":"","center_tile":"","disable_thumbnail":"","target_lang":"","_featured_image_style":"","telegram_post":"","_xlat_group_id":""},"public_rank_math_data":{"title":"%titolo% %sep% %nomesito%","description":"","focus_keyword":"","canonical_url":"","robots":"","primary_category":"1185","breadcrumb_title":"","facebook_title":"","facebook_description":"","facebook_image":"","facebook_image_id":"","twitter_title":"","twitter_description":"","twitter_image":"","twitter_image_id":"","twitter_card_type":"","twitter_use_facebook":"","advanced_robots":"","pillar_content":"","seo_score":"","contentai_score":"","rich_snippet":""},"_links":{"self":[{"href":"https:\/\/dailynewshungary.com\/it\/wp-json\/wp\/v2\/posts\/738907","targetHints":{"allow":["GET"]}}],"collection":[{"href":"https:\/\/dailynewshungary.com\/it\/wp-json\/wp\/v2\/posts"}],"about":[{"href":"https:\/\/dailynewshungary.com\/it\/wp-json\/wp\/v2\/types\/post"}],"author":[{"embeddable":true,"href":"https:\/\/dailynewshungary.com\/it\/wp-json\/wp\/v2\/users\/2"}],"replies":[{"embeddable":true,"href":"https:\/\/dailynewshungary.com\/it\/wp-json\/wp\/v2\/comments?post=738907"}],"version-history":[{"count":0,"href":"https:\/\/dailynewshungary.com\/it\/wp-json\/wp\/v2\/posts\/738907\/revisions"}],"wp:featuredmedia":[{"embeddable":true,"href":"https:\/\/dailynewshungary.com\/it\/wp-json\/wp\/v2\/media\/738908"}],"wp:attachment":[{"href":"https:\/\/dailynewshungary.com\/it\/wp-json\/wp\/v2\/media?parent=738907"}],"wp:term":[{"taxonomy":"category","embeddable":true,"href":"https:\/\/dailynewshungary.com\/it\/wp-json\/wp\/v2\/categories?post=738907"},{"taxonomy":"post_tag","embeddable":true,"href":"https:\/\/dailynewshungary.com\/it\/wp-json\/wp\/v2\/tags?post=738907"}],"curies":[{"name":"wp","href":"https:\/\/api.w.org\/{rel}","templated":true}]}}