{"id":738933,"date":"2014-03-04T08:30:17","date_gmt":"2014-03-04T07:30:17","guid":{"rendered":"https:\/\/dailynewshungary.com\/it\/inaugurato-a-budapest-il-memoriale-degli-orticoltori-bulgari\/"},"modified":"2014-03-04T08:30:17","modified_gmt":"2014-03-04T07:30:17","slug":"inaugurato-a-budapest-il-memoriale-degli-orticoltori-bulgari","status":"publish","type":"post","link":"https:\/\/dailynewshungary.com\/it\/inaugurato-a-budapest-il-memoriale-degli-orticoltori-bulgari\/","title":{"rendered":"Inaugurato a Budapest il memoriale degli orticoltori bulgari"},"content":{"rendered":"<p><strong>(MTI) (Matic) Oggi a Budapest \u00e8 stato inaugurato un memoriale dedicato agli orticoltori bulgari.<\/strong><\/p>\n<p>Tra la fine del XIX e l\u2019inizio del XX secolo, decine di migliaia di orticoltori bulgari apparvero in Ungheria per introdurre nuove verdure e rivoluzionare il giardinaggio con l\u2019applicazione di nuove tecnologie di irrigazione. Hanno svolto un ruolo chiave nella coltivazione degli ortaggi ungheresi per oltre un secolo.<\/p>\n<p><a href=\"https:\/\/dailynewshungary.com\/wp-content\/uploads\/2014\/03\/bolg\u00e1r-szobor-2.jpg\" data-pswp-width=\"\" data-pswp-height=\"\" data-cropped=\"true\"><img loading=\"lazy\" decoding=\"async\" class=\"size-full wp-image-5107 aligncenter\" alt=\"bolg\u00e1r szobor-2\" src=\"https:\/\/dailynewshungary.com\/wp-content\/uploads\/2014\/03\/bolg\u00e1r-szobor-2.jpg\" width=\"600\" height=\"398\" srcset=\"https:\/\/contentf5.dailynewshungary.com\/wp-content\/uploads\/2014\/03\/bolg\u00e1r-szobor-2.jpg 600w, https:\/\/contentf5.dailynewshungary.com\/wp-content\/uploads\/2014\/03\/bolg\u00e1r-szobor-2-300x200.jpg 300w\" sizes=\"auto, (max-width: 600px) 100vw, 600px\"><\/a><\/p>\n<p>Inizialmente facevano i pendolari tra i due paesi, ma alla fine acquistarono terreni e si stabilirono in Ungheria Fondarono scuole e chiese proprie, e si integrarono nella societ\u00e0 ungherese I loro discendenti, tuttavia, hanno conservato la loro identit\u00e0 bulgara.<\/p>\n<p>Intervenendo alla cerimonia, la vicepresidente bulgara Margarita Popova ha affermato che la comunit\u00e0 bulgara ungherese avr\u00e0 successo solo se cooperer\u00e0 con il mainstream.<\/p>\n<p>Il memoriale, raffigurante una famiglia bulgara in piedi accanto a una fontanella, \u00e8 stato scolpito da Ognjan Kozsuharov, uno scultore bulgaro residente in Ungheria.<\/p>\n<p>All&#8217;evento hanno partecipato sindaci di citt\u00e0 bulgare con una citt\u00e0 gemella in Ungheria.<\/p>\n<p>Foto: MTI<\/p>\n","protected":false},"excerpt":{"rendered":"<p>(MTI) (Matic) Oggi a Budapest \u00e8 stato inaugurato un memoriale dedicato agli orticoltori bulgari. Tra la fine del XIX e l\u2019inizio del XX secolo, decine di migliaia di orticoltori bulgari apparvero in Ungheria per introdurre nuove verdure e rivoluzionare il giardinaggio con l\u2019applicazione di nuove tecnologie di irrigazione. Hanno svolto un ruolo chiave nella coltivazione [&hellip;]<\/p>\n","protected":false},"author":2,"featured_media":738934,"comment_status":"open","ping_status":"open","sticky":false,"template":"","format":"standard","meta":{"_display_image":"","footnotes":""},"categories":[1304],"tags":[1158],"class_list":["post-738933","post","type-post","status-publish","format-standard","has-post-thumbnail","hentry","category-cultura-in-ungheria","tag-budapest"],"blocksy_meta":[],"author_username":"alk","telegram_post":"","public_post_metadata":{"breaking_news":"","important":"","csempe":"","center_tile":"","disable_thumbnail":"","target_lang":"","_featured_image_style":"","telegram_post":"","_xlat_group_id":""},"public_rank_math_data":{"title":"%titolo% %sep% %nomesito%","description":"","focus_keyword":"","canonical_url":"","robots":"","primary_category":"1304","breadcrumb_title":"","facebook_title":"","facebook_description":"","facebook_image":"","facebook_image_id":"","twitter_title":"","twitter_description":"","twitter_image":"","twitter_image_id":"","twitter_card_type":"","twitter_use_facebook":"","advanced_robots":"","pillar_content":"","seo_score":"","contentai_score":"","rich_snippet":""},"_links":{"self":[{"href":"https:\/\/dailynewshungary.com\/it\/wp-json\/wp\/v2\/posts\/738933","targetHints":{"allow":["GET"]}}],"collection":[{"href":"https:\/\/dailynewshungary.com\/it\/wp-json\/wp\/v2\/posts"}],"about":[{"href":"https:\/\/dailynewshungary.com\/it\/wp-json\/wp\/v2\/types\/post"}],"author":[{"embeddable":true,"href":"https:\/\/dailynewshungary.com\/it\/wp-json\/wp\/v2\/users\/2"}],"replies":[{"embeddable":true,"href":"https:\/\/dailynewshungary.com\/it\/wp-json\/wp\/v2\/comments?post=738933"}],"version-history":[{"count":0,"href":"https:\/\/dailynewshungary.com\/it\/wp-json\/wp\/v2\/posts\/738933\/revisions"}],"wp:featuredmedia":[{"embeddable":true,"href":"https:\/\/dailynewshungary.com\/it\/wp-json\/wp\/v2\/media\/738934"}],"wp:attachment":[{"href":"https:\/\/dailynewshungary.com\/it\/wp-json\/wp\/v2\/media?parent=738933"}],"wp:term":[{"taxonomy":"category","embeddable":true,"href":"https:\/\/dailynewshungary.com\/it\/wp-json\/wp\/v2\/categories?post=738933"},{"taxonomy":"post_tag","embeddable":true,"href":"https:\/\/dailynewshungary.com\/it\/wp-json\/wp\/v2\/tags?post=738933"}],"curies":[{"name":"wp","href":"https:\/\/api.w.org\/{rel}","templated":true}]}}