{"id":738945,"date":"2014-03-03T08:30:42","date_gmt":"2014-03-03T07:30:42","guid":{"rendered":"https:\/\/dailynewshungary.com\/it\/barack-obama-ha-dato-il-benvenuto-allamministratore-delegato-di-prezi\/"},"modified":"2014-03-03T08:30:42","modified_gmt":"2014-03-03T07:30:42","slug":"barack-obama-ha-dato-il-benvenuto-allamministratore-delegato-di-prezi","status":"publish","type":"post","link":"https:\/\/dailynewshungary.com\/it\/barack-obama-ha-dato-il-benvenuto-allamministratore-delegato-di-prezi\/","title":{"rendered":"Barack Obama ha dato il benvenuto all\u2019amministratore delegato di Prezi"},"content":{"rendered":"<p><strong>L&#8217;uomo d&#8217;affari ungherese \u00e8 stato accolto da Barack Obama: il presidente degli Stati Uniti ha incontrato il co-fondatore della societ\u00e0 di sviluppo software Prezi, l&#8217;amministratore delegato \u00c1rvai P\u00e9ter, e i rappresentanti della societ\u00e0 Adobe perch\u00e9 queste due societ\u00e0 hanno aderito al programma educativo ConnectED. L&#8217;obiettivo di questo programma, annunciato da Obama, \u00e8 quello di rendere disponibile a ogni studente americano la connessione Internet a banda larga ad alta velocit\u00e0 e la connessione wireless ad alta velocit\u00e0 entro cinque anni. <\/strong><\/p>\n<p>Al fine di diffondere la tecnologia delle aule del XXI secolo, Adobe contribuisce con un software e una licenza software del valore di 300 milioni di dollari, e Prezi con il loro software di presentazione denominato EduPro del valore di 100 milioni di dollari Le due corporation si sono unite alla linea degli sponsor di ConnectED seguendo Apple, Microsoft, AT &amp; T, Sprint, Verizon, Autodesk e O&#8217;Reilly Media.<\/p>\n<p>Quelle scuole finanziate dalla comunit\u00e0 riceveranno l&#8217;aiuto di Prezi che altrimenti non avrebbe la possibilit\u00e0 di ottenere queste tecnologie, ha detto \u00c1rvai all&#8217;Agenzia di stampa ungherese (MTI). Ha anche detto: \u201cLa cosa davvero fantastica in tutta questa faccenda \u00e8 che tra tutte le grandi aziende che partecipano al programma, Prezi \u00e8 l&#8217;unica con un background europeo. Siamo molto orgogliosi.\u201d<\/p>\n<p>Prezi \u00e8 presente sul mercato americano da molto tempo \u00c8 stata costituita nel 2008 a Budapest, e la seconda sede \u00e8 stata aperta nel 2010, San Francisco La loro strategia \u00e8 stata fin dall&#8217;inizio quella di rendere l&#8217;azienda vincente nel mercato americano, poich\u00e9, come sosteneva \u00c1rvai, \u201cper costituire una societ\u00e0 globale, dobbiamo avere successo nel pi\u00f9 grande mercato del mondo.\u201d<\/p>\n<p>Riguardo all&#8217;incontro con il presidente ha detto che \u201c\u00e8 stata una piacevole\u201d, e che non riesce a immaginare che Obama non avesse mai visto il prodotto prima, dato che ne conosce cos\u00ec tanti dettagli.<\/p>\n<p>L&#8217;obiettivo attuale di Prezi \u00e8 rendere il software facilmente accessibile su ogni piattaforma tecnologica esistente indipendentemente dal tipo di telefono o computer su cui funziona. Il software di presentazione avviato in Ungheria viene ora utilizzato in circa 190 paesi da 35 milioni di persone.<\/p>\n<p><em>tradotto da Zs\u00f3fia Luca Szemes<\/em><\/p>\n<p><em>Foto: Prezi (Prezi) White House<\/em><\/p>\n","protected":false},"excerpt":{"rendered":"<p>L&#8217;uomo d&#8217;affari ungherese \u00e8 stato accolto da Barack Obama: il presidente degli Stati Uniti ha incontrato il co-fondatore della societ\u00e0 di sviluppo software Prezi, l&#8217;amministratore delegato \u00c1rvai P\u00e9ter, e i rappresentanti della societ\u00e0 Adobe perch\u00e9 queste due societ\u00e0 hanno aderito al programma educativo ConnectED. L&#8217;obiettivo di questo programma, annunciato da Obama, \u00e8 quello di rendere [&hellip;]<\/p>\n","protected":false},"author":2,"featured_media":738946,"comment_status":"open","ping_status":"open","sticky":false,"template":"","format":"standard","meta":{"_display_image":"","footnotes":""},"categories":[1314],"tags":[1440,1111],"class_list":["post-738945","post","type-post","status-publish","format-standard","has-post-thumbnail","hentry","category-economia-in-ungheria","tag-it","tag-stati-uniti"],"blocksy_meta":[],"author_username":"alk","telegram_post":"","public_post_metadata":{"breaking_news":"","important":"","csempe":"","center_tile":"","disable_thumbnail":"","target_lang":"","_featured_image_style":"","telegram_post":"","_xlat_group_id":""},"public_rank_math_data":{"title":"%titolo% %sep% %nomesito%","description":"","focus_keyword":"","canonical_url":"","robots":"","primary_category":"1314","breadcrumb_title":"","facebook_title":"","facebook_description":"","facebook_image":"","facebook_image_id":"","twitter_title":"","twitter_description":"","twitter_image":"","twitter_image_id":"","twitter_card_type":"","twitter_use_facebook":"","advanced_robots":"","pillar_content":"","seo_score":"","contentai_score":"","rich_snippet":""},"_links":{"self":[{"href":"https:\/\/dailynewshungary.com\/it\/wp-json\/wp\/v2\/posts\/738945","targetHints":{"allow":["GET"]}}],"collection":[{"href":"https:\/\/dailynewshungary.com\/it\/wp-json\/wp\/v2\/posts"}],"about":[{"href":"https:\/\/dailynewshungary.com\/it\/wp-json\/wp\/v2\/types\/post"}],"author":[{"embeddable":true,"href":"https:\/\/dailynewshungary.com\/it\/wp-json\/wp\/v2\/users\/2"}],"replies":[{"embeddable":true,"href":"https:\/\/dailynewshungary.com\/it\/wp-json\/wp\/v2\/comments?post=738945"}],"version-history":[{"count":0,"href":"https:\/\/dailynewshungary.com\/it\/wp-json\/wp\/v2\/posts\/738945\/revisions"}],"wp:featuredmedia":[{"embeddable":true,"href":"https:\/\/dailynewshungary.com\/it\/wp-json\/wp\/v2\/media\/738946"}],"wp:attachment":[{"href":"https:\/\/dailynewshungary.com\/it\/wp-json\/wp\/v2\/media?parent=738945"}],"wp:term":[{"taxonomy":"category","embeddable":true,"href":"https:\/\/dailynewshungary.com\/it\/wp-json\/wp\/v2\/categories?post=738945"},{"taxonomy":"post_tag","embeddable":true,"href":"https:\/\/dailynewshungary.com\/it\/wp-json\/wp\/v2\/tags?post=738945"}],"curies":[{"name":"wp","href":"https:\/\/api.w.org\/{rel}","templated":true}]}}