{"id":738967,"date":"2014-02-28T19:25:58","date_gmt":"2014-02-28T18:25:58","guid":{"rendered":"https:\/\/dailynewshungary.com\/it\/v4-a-kiev-il-primo-ministro-ucraino-si-impegna-a-risolvere-la-questione-della-legge-sulla-lingua\/"},"modified":"2014-02-28T19:25:58","modified_gmt":"2014-02-28T18:25:58","slug":"v4-a-kiev-il-primo-ministro-ucraino-si-impegna-a-risolvere-la-questione-della-legge-sulla-lingua","status":"publish","type":"post","link":"https:\/\/dailynewshungary.com\/it\/v4-a-kiev-il-primo-ministro-ucraino-si-impegna-a-risolvere-la-questione-della-legge-sulla-lingua\/","title":{"rendered":"V4 a Kiev Il primo ministro ucraino si impegna a risolvere la questione della legge sulla lingua"},"content":{"rendered":"<p><strong>Kiev, 2 febbraio (MTI) Il nuovo primo ministro ucraino, Arsenij Yatsenyuk, ha promesso ai quattro ministri degli Esteri di Visegrad che l&#8217;Ucraina risolver\u00e0 tempestivamente la questione della legge sulla lingua, ha detto oggi all&#8217;MTI il ministro degli Esteri ungherese Janos Martonyi.<\/strong><\/p>\n<p>Yatsenyuk ha ammesso che l&#8217;abolizione della legge sulla lingua del 2012 domenica scorsa era stato un passo errato.<\/p>\n<p>\u201cNella situazione attuale, e in particolare in vista degli eventi della Crimea, la protezione dell&#8217;integrit\u00e0 territoriale dell&#8217;Ucraina dovrebbe essere una priorit\u00e0 A tal fine, la parte orientale dell&#8217;Ucraina dovrebbe essere concessa in modo che il conflitto di Crimea non si estenda alle regioni orientali e meridionali, ha detto\u201d Martonyi.<\/p>\n<p>Ha detto che il V4 ha interesse a un&#8217;Ucraina stabile e democratica che rispetti pienamente i diritti umani e delle minoranze e mantenga la sua integrit\u00e0 territoriale.<\/p>\n<p>I ministri del V4 hanno avuto uno scambio di opinioni con Yatsenyuk, il ministro degli Esteri ad interim Andriy Deshchytsya, il capo del partito Udar, Vitaly Klitschko, e il leader parlamentare del Partito delle Regioni, Oleksandr Efremov.<\/p>\n<p><a href=\"https:\/\/dailynewshungary.com\/wp-content\/uploads\/2014\/02\/martonyi-klicsk\u00f3.jpg\" data-pswp-width=\"\" data-pswp-height=\"\" data-cropped=\"true\"><img loading=\"lazy\" decoding=\"async\" class=\"size-full wp-image-5040 aligncenter\" alt=\"martonyi-klicsk\u00f3\" src=\"https:\/\/dailynewshungary.com\/wp-content\/uploads\/2014\/02\/martonyi-klicsk\u00f3.jpg\" width=\"600\" height=\"399\" srcset=\"https:\/\/contentf5.dailynewshungary.com\/wp-content\/uploads\/2014\/02\/martonyi-klicsk\u00f3.jpg 600w, https:\/\/contentf5.dailynewshungary.com\/wp-content\/uploads\/2014\/02\/martonyi-klicsk\u00f3-300x200.jpg 300w\" sizes=\"auto, (max-width: 600px) 100vw, 600px\"><\/a><\/p>\n<p>Sia Yatsenyuk che Deshchytsya hanno affermato che il nuovo governo sar\u00e0 pronto a firmare l&#8217;accordo di associazione con l&#8217;UE che include il libero scambio, ha affermato.<\/p>\n<p>Efremov ha detto che il Partito delle Regioni non sfider\u00e0 la legittimit\u00e0 del governo, invece, agir\u00e0 come un&#8217;opposizione costruttiva e contribuir\u00e0 a ripristinare la stabilit\u00e0 dell&#8217;Ucraina.<\/p>\n<p><em>Foto: MTI<\/em><\/p>\n","protected":false},"excerpt":{"rendered":"<p>Kiev, 2 febbraio (MTI) Il nuovo primo ministro ucraino, Arsenij Yatsenyuk, ha promesso ai quattro ministri degli Esteri di Visegrad che l&#8217;Ucraina risolver\u00e0 tempestivamente la questione della legge sulla lingua, ha detto oggi all&#8217;MTI il ministro degli Esteri ungherese Janos Martonyi. Yatsenyuk ha ammesso che l&#8217;abolizione della legge sulla lingua del 2012 domenica scorsa era [&hellip;]<\/p>\n","protected":false},"author":2,"featured_media":738968,"comment_status":"open","ping_status":"open","sticky":false,"template":"","format":"standard","meta":{"_display_image":"","footnotes":""},"categories":[1185],"tags":[1092],"class_list":["post-738967","post","type-post","status-publish","format-standard","has-post-thumbnail","hentry","category-politica-in-ungheria","tag-ministero-degli-affari-esteri-dellungheria"],"blocksy_meta":[],"author_username":"alk","telegram_post":"","public_post_metadata":{"breaking_news":"","important":"","csempe":"","center_tile":"","disable_thumbnail":"","target_lang":"","_featured_image_style":"","telegram_post":"","_xlat_group_id":""},"public_rank_math_data":{"title":"%titolo% %sep% %nomesito%","description":"","focus_keyword":"","canonical_url":"","robots":"","primary_category":"1185","breadcrumb_title":"","facebook_title":"","facebook_description":"","facebook_image":"","facebook_image_id":"","twitter_title":"","twitter_description":"","twitter_image":"","twitter_image_id":"","twitter_card_type":"","twitter_use_facebook":"","advanced_robots":"","pillar_content":"","seo_score":"","contentai_score":"","rich_snippet":""},"_links":{"self":[{"href":"https:\/\/dailynewshungary.com\/it\/wp-json\/wp\/v2\/posts\/738967","targetHints":{"allow":["GET"]}}],"collection":[{"href":"https:\/\/dailynewshungary.com\/it\/wp-json\/wp\/v2\/posts"}],"about":[{"href":"https:\/\/dailynewshungary.com\/it\/wp-json\/wp\/v2\/types\/post"}],"author":[{"embeddable":true,"href":"https:\/\/dailynewshungary.com\/it\/wp-json\/wp\/v2\/users\/2"}],"replies":[{"embeddable":true,"href":"https:\/\/dailynewshungary.com\/it\/wp-json\/wp\/v2\/comments?post=738967"}],"version-history":[{"count":0,"href":"https:\/\/dailynewshungary.com\/it\/wp-json\/wp\/v2\/posts\/738967\/revisions"}],"wp:featuredmedia":[{"embeddable":true,"href":"https:\/\/dailynewshungary.com\/it\/wp-json\/wp\/v2\/media\/738968"}],"wp:attachment":[{"href":"https:\/\/dailynewshungary.com\/it\/wp-json\/wp\/v2\/media?parent=738967"}],"wp:term":[{"taxonomy":"category","embeddable":true,"href":"https:\/\/dailynewshungary.com\/it\/wp-json\/wp\/v2\/categories?post=738967"},{"taxonomy":"post_tag","embeddable":true,"href":"https:\/\/dailynewshungary.com\/it\/wp-json\/wp\/v2\/tags?post=738967"}],"curies":[{"name":"wp","href":"https:\/\/api.w.org\/{rel}","templated":true}]}}