{"id":739015,"date":"2014-02-24T15:00:10","date_gmt":"2014-02-24T14:00:10","guid":{"rendered":"https:\/\/dailynewshungary.com\/it\/crisi-in-ucraina-il-ritiro-della-legge-sulla-lingua-ha-danneggiato-gli-ungheresi\/"},"modified":"2014-02-24T15:00:10","modified_gmt":"2014-02-24T14:00:10","slug":"crisi-in-ucraina-il-ritiro-della-legge-sulla-lingua-ha-danneggiato-gli-ungheresi","status":"publish","type":"post","link":"https:\/\/dailynewshungary.com\/it\/crisi-in-ucraina-il-ritiro-della-legge-sulla-lingua-ha-danneggiato-gli-ungheresi\/","title":{"rendered":"Crisi in Ucraina Il ritiro della legge sulla lingua ha danneggiato gli ungheresi"},"content":{"rendered":"<p><strong>Budapest, 4 febbraio (MTI) 2 Sebbene il ritiro della legge ucraina sulla lingua sia stato principalmente una mossa anti-russa, danneggia anche la comunit\u00e0 ungherese, ha detto al quotidiano Magyar Hirlap di luned\u00ec Miklos Kovacs, capo dell&#8217;Associazione culturale degli ungheresi in Transcarpazia.<\/strong><\/p>\n<p>Anche se il suo ritiro non ha alcun impatto diretto poich\u00e9 la legge sulla lingua non \u00e8 stata ancora applicata, tutto passer\u00e0 ora a una parte nazionalista e gli ungheresi sono destinati a soffrire, ha detto al giornale.<\/p>\n<p><a href=\"https:\/\/dailynewshungary.com\/wp-content\/uploads\/2014\/02\/gajdos.png\" data-pswp-width=\"\" data-pswp-height=\"\" data-cropped=\"true\"><img loading=\"lazy\" decoding=\"async\" class=\"size-full wp-image-4930 alignright\" alt=\"gajdos\" src=\"https:\/\/dailynewshungary.com\/wp-content\/uploads\/2014\/02\/gajdos.png\" width=\"210\" height=\"140\"><\/a>Istvan Gajdos, l&#8217;unico parlamentare ungherese nel parlamento ucraino, ha dichiarato domenica che l&#8217;abolizione della legge nazionale sulle lingue minoritarie danneggerebbe le minoranze.<\/p>\n<p>Ha esortato il primo ministro ungherese Viktor Orban e il ministro degli Esteri Janos Martonyi ad alzare la voce nell&#8217;interesse della minoranza ungherese in Ucraina.<\/p>\n<p>Ha affermato che la legge sulla lingua del 2012 adottata in Ucraina \u00e8 stata una legislazione progressista che ha garantito lo status regionale a diverse lingue in Ucraina, compreso l\u2019ungherese.<\/p>\n<p><em>Foto: MTI<\/em><\/p>\n","protected":false},"excerpt":{"rendered":"<p>Budapest, 4 febbraio (MTI) 2 Sebbene il ritiro della legge ucraina sulla lingua sia stato principalmente una mossa anti-russa, danneggia anche la comunit\u00e0 ungherese, ha detto al quotidiano Magyar Hirlap di luned\u00ec Miklos Kovacs, capo dell&#8217;Associazione culturale degli ungheresi in Transcarpazia. Anche se il suo ritiro non ha alcun impatto diretto poich\u00e9 la legge sulla [&hellip;]<\/p>\n","protected":false},"author":2,"featured_media":739016,"comment_status":"open","ping_status":"open","sticky":false,"template":"","format":"standard","meta":{"_display_image":"","footnotes":""},"categories":[1185],"tags":[1092],"class_list":["post-739015","post","type-post","status-publish","format-standard","has-post-thumbnail","hentry","category-politica-in-ungheria","tag-ministero-degli-affari-esteri-dellungheria"],"blocksy_meta":[],"author_username":"alk","telegram_post":"","public_post_metadata":{"breaking_news":"","important":"","csempe":"","center_tile":"","disable_thumbnail":"","target_lang":"","_featured_image_style":"","telegram_post":"","_xlat_group_id":""},"public_rank_math_data":{"title":"%titolo% %sep% %nomesito%","description":"","focus_keyword":"","canonical_url":"","robots":"","primary_category":"1185","breadcrumb_title":"","facebook_title":"","facebook_description":"","facebook_image":"","facebook_image_id":"","twitter_title":"","twitter_description":"","twitter_image":"","twitter_image_id":"","twitter_card_type":"","twitter_use_facebook":"","advanced_robots":"","pillar_content":"","seo_score":"","contentai_score":"","rich_snippet":""},"_links":{"self":[{"href":"https:\/\/dailynewshungary.com\/it\/wp-json\/wp\/v2\/posts\/739015","targetHints":{"allow":["GET"]}}],"collection":[{"href":"https:\/\/dailynewshungary.com\/it\/wp-json\/wp\/v2\/posts"}],"about":[{"href":"https:\/\/dailynewshungary.com\/it\/wp-json\/wp\/v2\/types\/post"}],"author":[{"embeddable":true,"href":"https:\/\/dailynewshungary.com\/it\/wp-json\/wp\/v2\/users\/2"}],"replies":[{"embeddable":true,"href":"https:\/\/dailynewshungary.com\/it\/wp-json\/wp\/v2\/comments?post=739015"}],"version-history":[{"count":0,"href":"https:\/\/dailynewshungary.com\/it\/wp-json\/wp\/v2\/posts\/739015\/revisions"}],"wp:featuredmedia":[{"embeddable":true,"href":"https:\/\/dailynewshungary.com\/it\/wp-json\/wp\/v2\/media\/739016"}],"wp:attachment":[{"href":"https:\/\/dailynewshungary.com\/it\/wp-json\/wp\/v2\/media?parent=739015"}],"wp:term":[{"taxonomy":"category","embeddable":true,"href":"https:\/\/dailynewshungary.com\/it\/wp-json\/wp\/v2\/categories?post=739015"},{"taxonomy":"post_tag","embeddable":true,"href":"https:\/\/dailynewshungary.com\/it\/wp-json\/wp\/v2\/tags?post=739015"}],"curies":[{"name":"wp","href":"https:\/\/api.w.org\/{rel}","templated":true}]}}