{"id":739027,"date":"2014-02-23T15:00:22","date_gmt":"2014-02-23T14:00:22","guid":{"rendered":"https:\/\/dailynewshungary.com\/it\/lungheria-accoglie-con-favore-il-rilascio-di-tymoshenko\/"},"modified":"2014-02-23T15:00:22","modified_gmt":"2014-02-23T14:00:22","slug":"lungheria-accoglie-con-favore-il-rilascio-di-tymoshenko","status":"publish","type":"post","link":"https:\/\/dailynewshungary.com\/it\/lungheria-accoglie-con-favore-il-rilascio-di-tymoshenko\/","title":{"rendered":"L\u2019Ungheria accoglie con favore il rilascio di Tymoshenko"},"content":{"rendered":"<p><strong>(MTI) Sabato sera il ministro degli Esteri ungherese Janos Martonyi ha accolto con favore la liberazione di Yulia Tymoshenko dal carcere.<\/strong><\/p>\n<p>Secondo una dichiarazione del ministero degli Esteri, Martonyi ha accolto con favore il voto dei legislatori ucraini nella giornata per il rilascio dell&#8217;ex primo ministro Ha detto che \u201cuna lunga procedura sollecitata in modo coerente dall&#8217;UE \u00e8 stata portata a termine.\u201d<\/p>\n<p><a href=\"https:\/\/dailynewshungary.com\/wp-content\/uploads\/2014\/02\/ukr2014.jpg\" data-pswp-width=\"\" data-pswp-height=\"\" data-cropped=\"true\"><img loading=\"lazy\" decoding=\"async\" class=\"size-medium wp-image-4909 alignright\" alt=\"ukr2014\" src=\"https:\/\/dailynewshungary.com\/wp-content\/uploads\/2014\/02\/ukr2014-300x190.jpg\" width=\"300\" height=\"190\" srcset=\"https:\/\/contentf5.dailynewshungary.com\/wp-content\/uploads\/2014\/02\/ukr2014-300x190.jpg 300w, https:\/\/contentf5.dailynewshungary.com\/wp-content\/uploads\/2014\/02\/ukr2014.jpg 600w\" sizes=\"auto, (max-width: 300px) 100vw, 300px\"><\/a>Ha espresso la speranza che questo recente sviluppo possa anche contribuire alla stabilizzazione di un&#8217;Ucraina democratica, economicamente prospera e territorialmente unificata che rispetti pienamente i diritti umani e i principi dello stato di diritto. Ci\u00f2 deve basarsi sulla volont\u00e0 della societ\u00e0 ucraina, ha affermato Martonyi.<\/p>\n<p>L&#8217;Ungheria \u00e8 pronta a estendere tutto l&#8217;aiuto possibile verso questo obiettivo, si legge nella dichiarazione del ministero.<\/p>\n<p><em>Foto: MTI<\/em><\/p>\n","protected":false},"excerpt":{"rendered":"<p>(MTI) Sabato sera il ministro degli Esteri ungherese Janos Martonyi ha accolto con favore la liberazione di Yulia Tymoshenko dal carcere. Secondo una dichiarazione del ministero degli Esteri, Martonyi ha accolto con favore il voto dei legislatori ucraini nella giornata per il rilascio dell&#8217;ex primo ministro Ha detto che \u201cuna lunga procedura sollecitata in modo [&hellip;]<\/p>\n","protected":false},"author":2,"featured_media":739028,"comment_status":"open","ping_status":"open","sticky":false,"template":"","format":"standard","meta":{"_display_image":"","footnotes":""},"categories":[1185],"tags":[1092],"class_list":["post-739027","post","type-post","status-publish","format-standard","has-post-thumbnail","hentry","category-politica-in-ungheria","tag-ministero-degli-affari-esteri-dellungheria"],"blocksy_meta":[],"author_username":"alk","telegram_post":"","public_post_metadata":{"breaking_news":"","important":"","csempe":"","center_tile":"","disable_thumbnail":"","target_lang":"","_featured_image_style":"","telegram_post":"","_xlat_group_id":""},"public_rank_math_data":{"title":"%titolo% %sep% %nomesito%","description":"","focus_keyword":"","canonical_url":"","robots":"","primary_category":"1185","breadcrumb_title":"","facebook_title":"","facebook_description":"","facebook_image":"","facebook_image_id":"","twitter_title":"","twitter_description":"","twitter_image":"","twitter_image_id":"","twitter_card_type":"","twitter_use_facebook":"","advanced_robots":"","pillar_content":"","seo_score":"","contentai_score":"","rich_snippet":""},"_links":{"self":[{"href":"https:\/\/dailynewshungary.com\/it\/wp-json\/wp\/v2\/posts\/739027","targetHints":{"allow":["GET"]}}],"collection":[{"href":"https:\/\/dailynewshungary.com\/it\/wp-json\/wp\/v2\/posts"}],"about":[{"href":"https:\/\/dailynewshungary.com\/it\/wp-json\/wp\/v2\/types\/post"}],"author":[{"embeddable":true,"href":"https:\/\/dailynewshungary.com\/it\/wp-json\/wp\/v2\/users\/2"}],"replies":[{"embeddable":true,"href":"https:\/\/dailynewshungary.com\/it\/wp-json\/wp\/v2\/comments?post=739027"}],"version-history":[{"count":0,"href":"https:\/\/dailynewshungary.com\/it\/wp-json\/wp\/v2\/posts\/739027\/revisions"}],"wp:featuredmedia":[{"embeddable":true,"href":"https:\/\/dailynewshungary.com\/it\/wp-json\/wp\/v2\/media\/739028"}],"wp:attachment":[{"href":"https:\/\/dailynewshungary.com\/it\/wp-json\/wp\/v2\/media?parent=739027"}],"wp:term":[{"taxonomy":"category","embeddable":true,"href":"https:\/\/dailynewshungary.com\/it\/wp-json\/wp\/v2\/categories?post=739027"},{"taxonomy":"post_tag","embeddable":true,"href":"https:\/\/dailynewshungary.com\/it\/wp-json\/wp\/v2\/tags?post=739027"}],"curies":[{"name":"wp","href":"https:\/\/api.w.org\/{rel}","templated":true}]}}