{"id":739043,"date":"2014-02-22T09:00:21","date_gmt":"2014-02-22T08:00:21","guid":{"rendered":"https:\/\/dailynewshungary.com\/it\/ministro-degli-esteri-stabilita-dellucraina-integrita-territoriale-nellinteresse-dellungheria\/"},"modified":"2014-02-22T09:00:21","modified_gmt":"2014-02-22T08:00:21","slug":"ministro-degli-esteri-stabilita-dellucraina-integrita-territoriale-nellinteresse-dellungheria","status":"publish","type":"post","link":"https:\/\/dailynewshungary.com\/it\/ministro-degli-esteri-stabilita-dellucraina-integrita-territoriale-nellinteresse-dellungheria\/","title":{"rendered":"Ministro degli Esteri: stabilit\u00e0 dell\u2019Ucraina, integrit\u00e0 territoriale nell\u2019interesse dell\u2019Ungheria"},"content":{"rendered":"<p><strong>(MTI) La stabilit\u00e0 dell&#8217;Ucraina, la pace, l&#8217;avanzata verso l&#8217;Europa, la prosperit\u00e0 economica e l&#8217;integrit\u00e0 territoriale sono nell&#8217;interesse dell&#8217;Ungheria, ha dichiarato il ministro degli Esteri Janos Martonyi in una conferenza stampa straordinaria accogliendo con favore un accordo firmato tra il presidente e l&#8217;opposizione in Ucraina.<\/strong><\/p>\n<p>Ha aggiunto che tutti i partecipanti dovrebbero rispettare l&#8217;accordo perch\u00e9 questa \u00e8 la condizione politica e costituzionale per risolvere il conflitto.<\/p>\n<p><a href=\"https:\/\/dailynewshungary.com\/wp-content\/uploads\/2014\/02\/martonyi-hungary.jpg\" data-pswp-width=\"\" data-pswp-height=\"\" data-cropped=\"true\"><img loading=\"lazy\" decoding=\"async\" class=\"size-full wp-image-4876 aligncenter\" alt=\"martonyi-ungheria\" src=\"https:\/\/dailynewshungary.com\/wp-content\/uploads\/2014\/02\/martonyi-hungary.jpg\" width=\"600\" height=\"399\" srcset=\"https:\/\/contentf5.dailynewshungary.com\/wp-content\/uploads\/2014\/02\/martonyi-hungary.jpg 600w, https:\/\/contentf5.dailynewshungary.com\/wp-content\/uploads\/2014\/02\/martonyi-hungary-300x200.jpg 300w\" sizes=\"auto, (max-width: 600px) 100vw, 600px\"><\/a><\/p>\n<p>Martonyi ha espresso la speranza che la serie di tragici eventi finisca e che la pace e l&#8217;ordine ritornino in Ucraina.<\/p>\n<p>Lo scopo dell&#8217;accordo \u00e8 quello di garantire che il popolo ucraino decida del proprio futuro, ha detto Martonyi Questo \u00e8 nell&#8217;interesse dell&#8217;Europa e anche della Russia, ha aggiunto.<\/p>\n<p>L\u2019Ungheria condanna la violenza da entrambe le parti, ma la responsabilit\u00e0 politica spetta a chi detiene il potere.<\/p>\n<p>Si spera che l&#8217;accordo abbia un effetto positivo sulla comunit\u00e0 etnica ungherese in Transcarpazia, ha detto Martonyi C&#8217;\u00e8 pace ora nella zona, il traffico frontaliero \u00e8 sotto controllo e il numero di domande di visto non \u00e8 aumentato, ha aggiunto.<\/p>\n<p>Martonyi ha detto che l&#8217;Ungheria fornir\u00e0 2 milioni di fiorini (6.400 EUR) di aiuti urgenti per aiutare il trattamento dei feriti in Ucraina Gli aiuti arriveranno a destinazione con il coinvolgimento della Carit\u00e0 ecumenica ungherese Inoltre, l&#8217;Ungheria \u00e8 pronta a ricevere vittime gravemente ferite per le cure, soprattutto quelle che soffrono di ferite da ustione.<\/p>\n<p>In risposta a una domanda, Martonyi ha detto che non c&#8217;era bisogno di convocare l&#8217;ambasciatore ucraino.<\/p>\n<p><em>Foto: MTI<\/em><\/p>\n","protected":false},"excerpt":{"rendered":"<p>(MTI) La stabilit\u00e0 dell&#8217;Ucraina, la pace, l&#8217;avanzata verso l&#8217;Europa, la prosperit\u00e0 economica e l&#8217;integrit\u00e0 territoriale sono nell&#8217;interesse dell&#8217;Ungheria, ha dichiarato il ministro degli Esteri Janos Martonyi in una conferenza stampa straordinaria accogliendo con favore un accordo firmato tra il presidente e l&#8217;opposizione in Ucraina. Ha aggiunto che tutti i partecipanti dovrebbero rispettare l&#8217;accordo perch\u00e9 questa [&hellip;]<\/p>\n","protected":false},"author":2,"featured_media":739044,"comment_status":"open","ping_status":"open","sticky":false,"template":"","format":"standard","meta":{"_display_image":"","footnotes":""},"categories":[1185],"tags":[1092],"class_list":["post-739043","post","type-post","status-publish","format-standard","has-post-thumbnail","hentry","category-politica-in-ungheria","tag-ministero-degli-affari-esteri-dellungheria"],"blocksy_meta":[],"author_username":"alk","telegram_post":"","public_post_metadata":{"breaking_news":"","important":"","csempe":"","center_tile":"","disable_thumbnail":"","target_lang":"","_featured_image_style":"","telegram_post":"","_xlat_group_id":""},"public_rank_math_data":{"title":"%titolo% %sep% %nomesito%","description":"","focus_keyword":"","canonical_url":"","robots":"","primary_category":"1185","breadcrumb_title":"","facebook_title":"","facebook_description":"","facebook_image":"","facebook_image_id":"","twitter_title":"","twitter_description":"","twitter_image":"","twitter_image_id":"","twitter_card_type":"","twitter_use_facebook":"","advanced_robots":"","pillar_content":"","seo_score":"","contentai_score":"","rich_snippet":""},"_links":{"self":[{"href":"https:\/\/dailynewshungary.com\/it\/wp-json\/wp\/v2\/posts\/739043","targetHints":{"allow":["GET"]}}],"collection":[{"href":"https:\/\/dailynewshungary.com\/it\/wp-json\/wp\/v2\/posts"}],"about":[{"href":"https:\/\/dailynewshungary.com\/it\/wp-json\/wp\/v2\/types\/post"}],"author":[{"embeddable":true,"href":"https:\/\/dailynewshungary.com\/it\/wp-json\/wp\/v2\/users\/2"}],"replies":[{"embeddable":true,"href":"https:\/\/dailynewshungary.com\/it\/wp-json\/wp\/v2\/comments?post=739043"}],"version-history":[{"count":0,"href":"https:\/\/dailynewshungary.com\/it\/wp-json\/wp\/v2\/posts\/739043\/revisions"}],"wp:featuredmedia":[{"embeddable":true,"href":"https:\/\/dailynewshungary.com\/it\/wp-json\/wp\/v2\/media\/739044"}],"wp:attachment":[{"href":"https:\/\/dailynewshungary.com\/it\/wp-json\/wp\/v2\/media?parent=739043"}],"wp:term":[{"taxonomy":"category","embeddable":true,"href":"https:\/\/dailynewshungary.com\/it\/wp-json\/wp\/v2\/categories?post=739043"},{"taxonomy":"post_tag","embeddable":true,"href":"https:\/\/dailynewshungary.com\/it\/wp-json\/wp\/v2\/tags?post=739043"}],"curies":[{"name":"wp","href":"https:\/\/api.w.org\/{rel}","templated":true}]}}