{"id":739089,"date":"2014-02-18T08:30:30","date_gmt":"2014-02-18T07:30:30","guid":{"rendered":"https:\/\/dailynewshungary.com\/it\/ader-accoglie-con-favore-relazioni-piu-intense-con-la-turchia\/"},"modified":"2014-02-18T08:30:30","modified_gmt":"2014-02-18T07:30:30","slug":"ader-accoglie-con-favore-relazioni-piu-intense-con-la-turchia","status":"publish","type":"post","link":"https:\/\/dailynewshungary.com\/it\/ader-accoglie-con-favore-relazioni-piu-intense-con-la-turchia\/","title":{"rendered":"Ader accoglie con favore relazioni pi\u00f9 intense con la Turchia"},"content":{"rendered":"<p><strong>(MTI) Negli ultimi anni le T\u201ctra Ungheria e Turchia sono diventate molto pi\u00f9 intense, ha detto il presidente Janos Ader dopo aver incontrato luned\u00ec a Budapest Abdullah Gul, il suo omologo turco.<\/strong><\/p>\n<p>In una conferenza stampa dopo i colloqui, Ader ha affermato che il commercio bidirezionale \u00e8 quadruplicato tra il 2002 e il 2013 ed \u00e8 aumentato del 30% solo lo scorso anno.<\/p>\n<p>Gul ha osservato che il fatturato commerciale dei due paesi ammonta attualmente a due miliardi di dollari all&#8217;anno e le parti mirano ad aumentare questo valore a cinque miliardi di dollari promuovendo gli investimenti.<\/p>\n<p><a href=\"https:\/\/dailynewshungary.com\/wp-content\/uploads\/2014\/02\/hungary-turkey-2.jpg\" data-pswp-width=\"\" data-pswp-height=\"\" data-cropped=\"true\"><img loading=\"lazy\" decoding=\"async\" class=\"size-full wp-image-4783 aligncenter\" alt=\"ungheria-turchia-2\" src=\"https:\/\/dailynewshungary.com\/wp-content\/uploads\/2014\/02\/hungary-turkey-2.jpg\" width=\"600\" height=\"399\" srcset=\"https:\/\/contentf5.dailynewshungary.com\/wp-content\/uploads\/2014\/02\/hungary-turkey-2.jpg 600w, https:\/\/contentf5.dailynewshungary.com\/wp-content\/uploads\/2014\/02\/hungary-turkey-2-300x200.jpg 300w\" sizes=\"auto, (max-width: 600px) 100vw, 600px\"><\/a><\/p>\n<p>Il presidente turco ha detto che incoragger\u00e0 gli uomini d&#8217;affari di entrambi i paesi in un forum economico previsto per il pomeriggio a \u201caprire la rotta reciproca La Turchia, la sesta economia pi\u00f9 grande d&#8217;Europa, offre enormi opportunit\u00e0, ha aggiunto.<\/p>\n<p>Ader ha detto che la Turchia ha fatto \u201cfantastiche conquiste economiche\u201d negli ultimi 10 anni, triplicando la sua produzione economica Anche i legami commerciali con l&#8217;Ungheria sono migliorati considerevolmente, e i colloqui di luned\u00ec si sono concentrati sui modi per mantenere o aumentare tale slancio, ha aggiunto.<\/p>\n<p>Per quanto riguarda la cultura, Ader ha osservato che i centri culturali ungheresi e turchi sono stati aperti l&#8217;anno scorso, rispettivamente a Istanbul e Budapest. Ha aggiunto che le societ\u00e0 amiche dell&#8217;Ungheria-Turchia erano attive in quattro citt\u00e0 turche, mentre in Ungheria \u00e8 una priorit\u00e0 rinnovare i monumenti ottomani nel paese.<\/p>\n<p><a href=\"https:\/\/dailynewshungary.com\/wp-content\/uploads\/2014\/02\/hungary-turkey-3.jpg\" data-pswp-width=\"\" data-pswp-height=\"\" data-cropped=\"true\"><img loading=\"lazy\" decoding=\"async\" class=\"size-full wp-image-4784 aligncenter\" alt=\"ungheria-turchia-3\" src=\"https:\/\/dailynewshungary.com\/wp-content\/uploads\/2014\/02\/hungary-turkey-3.jpg\" width=\"600\" height=\"399\" srcset=\"https:\/\/contentf5.dailynewshungary.com\/wp-content\/uploads\/2014\/02\/hungary-turkey-3.jpg 600w, https:\/\/contentf5.dailynewshungary.com\/wp-content\/uploads\/2014\/02\/hungary-turkey-3-300x200.jpg 300w\" sizes=\"auto, (max-width: 600px) 100vw, 600px\"><\/a><\/p>\n<p>Il presidente turco ha ringraziato l&#8217;Ungheria per il sostegno all&#8217;integrazione europea della Turchia e ha invitato Ader a visitare Istanbul.<\/p>\n<p>Nel pomeriggio, Gul terr\u00e0 colloqui con il presidente della Camera Laszlo Kover in Parlamento e prender\u00e0 parte a un forum aziendale alla presenza del primo ministro Viktor Orban.<\/p>\n<p><em>Foto: MTI<\/em><\/p>\n","protected":false},"excerpt":{"rendered":"<p>(MTI) Negli ultimi anni le T\u201ctra Ungheria e Turchia sono diventate molto pi\u00f9 intense, ha detto il presidente Janos Ader dopo aver incontrato luned\u00ec a Budapest Abdullah Gul, il suo omologo turco. In una conferenza stampa dopo i colloqui, Ader ha affermato che il commercio bidirezionale \u00e8 quadruplicato tra il 2002 e il 2013 ed [&hellip;]<\/p>\n","protected":false},"author":2,"featured_media":739090,"comment_status":"open","ping_status":"open","sticky":false,"template":"","format":"standard","meta":{"_display_image":"","footnotes":""},"categories":[1185],"tags":[1086],"class_list":["post-739089","post","type-post","status-publish","format-standard","has-post-thumbnail","hentry","category-politica-in-ungheria","tag-turchia"],"blocksy_meta":[],"author_username":"alk","telegram_post":"","public_post_metadata":{"breaking_news":"","important":"","csempe":"","center_tile":"","disable_thumbnail":"","target_lang":"","_featured_image_style":"","telegram_post":"","_xlat_group_id":""},"public_rank_math_data":{"title":"%titolo% %sep% %nomesito%","description":"","focus_keyword":"","canonical_url":"","robots":"","primary_category":"1185","breadcrumb_title":"","facebook_title":"","facebook_description":"","facebook_image":"","facebook_image_id":"","twitter_title":"","twitter_description":"","twitter_image":"","twitter_image_id":"","twitter_card_type":"","twitter_use_facebook":"","advanced_robots":"","pillar_content":"","seo_score":"","contentai_score":"","rich_snippet":""},"_links":{"self":[{"href":"https:\/\/dailynewshungary.com\/it\/wp-json\/wp\/v2\/posts\/739089","targetHints":{"allow":["GET"]}}],"collection":[{"href":"https:\/\/dailynewshungary.com\/it\/wp-json\/wp\/v2\/posts"}],"about":[{"href":"https:\/\/dailynewshungary.com\/it\/wp-json\/wp\/v2\/types\/post"}],"author":[{"embeddable":true,"href":"https:\/\/dailynewshungary.com\/it\/wp-json\/wp\/v2\/users\/2"}],"replies":[{"embeddable":true,"href":"https:\/\/dailynewshungary.com\/it\/wp-json\/wp\/v2\/comments?post=739089"}],"version-history":[{"count":0,"href":"https:\/\/dailynewshungary.com\/it\/wp-json\/wp\/v2\/posts\/739089\/revisions"}],"wp:featuredmedia":[{"embeddable":true,"href":"https:\/\/dailynewshungary.com\/it\/wp-json\/wp\/v2\/media\/739090"}],"wp:attachment":[{"href":"https:\/\/dailynewshungary.com\/it\/wp-json\/wp\/v2\/media?parent=739089"}],"wp:term":[{"taxonomy":"category","embeddable":true,"href":"https:\/\/dailynewshungary.com\/it\/wp-json\/wp\/v2\/categories?post=739089"},{"taxonomy":"post_tag","embeddable":true,"href":"https:\/\/dailynewshungary.com\/it\/wp-json\/wp\/v2\/tags?post=739089"}],"curies":[{"name":"wp","href":"https:\/\/api.w.org\/{rel}","templated":true}]}}