{"id":739093,"date":"2014-02-17T15:00:50","date_gmt":"2014-02-17T14:00:50","guid":{"rendered":"https:\/\/dailynewshungary.com\/it\/in-iran-potrebbe-aprire-il-centro-ungherese-di-cultura-commerciale\/"},"modified":"2014-02-17T15:00:50","modified_gmt":"2014-02-17T14:00:50","slug":"in-iran-potrebbe-aprire-il-centro-ungherese-di-cultura-commerciale","status":"publish","type":"post","link":"https:\/\/dailynewshungary.com\/it\/in-iran-potrebbe-aprire-il-centro-ungherese-di-cultura-commerciale\/","title":{"rendered":"In Iran potrebbe aprire il centro ungherese di cultura commerciale"},"content":{"rendered":"<p><strong>Budapest, 17 febbraio (MTI) 1007 Un centro ungherese per il commercio e la cultura aprir\u00e0 nella citt\u00e0 iraniana di Tabriz nella seconda met\u00e0 dell&#8217;anno, ha detto oggi il quotidiano nazionale Nepszava.<\/strong><\/p>\n<p>Si prevede che il centro, la prima Casa \u201cUngherese in Asia\u201d, rafforzer\u00e0 i legami tra l\u2019Iran e l\u2019Unione Europea, nonch\u00e9 tra Iran e Ungheria, afferma il documento.<\/p>\n<p>Sandor Balogh, che dirige il dipartimento per il Medio Oriente della Camera di Commercio e Industria di Budapest (BKIK), ha affermato che l&#8217;Iran potrebbe esportare prodotti di alta qualit\u00e0 a prezzi economici in Europa, mentre l&#8217;Ungheria potrebbe consegnare prodotti dell&#8217;industria automobilistica cos\u00ec come altri beni in Iran.<\/p>\n<p><em>Foto: <a href=\"http:\/\/sajathir.blog.hu\/2013\/04\/05\/iran_segiteni_fog_egyiptomnak_jovonkinfo\" data-ved=\"0CAQQjB0\" target=\"_blank\" rel=\"noopener\">sajathir.blog.hu<\/a><\/em><\/p>\n","protected":false},"excerpt":{"rendered":"<p>Budapest, 17 febbraio (MTI) 1007 Un centro ungherese per il commercio e la cultura aprir\u00e0 nella citt\u00e0 iraniana di Tabriz nella seconda met\u00e0 dell&#8217;anno, ha detto oggi il quotidiano nazionale Nepszava. Si prevede che il centro, la prima Casa \u201cUngherese in Asia\u201d, rafforzer\u00e0 i legami tra l\u2019Iran e l\u2019Unione Europea, nonch\u00e9 tra Iran e Ungheria, [&hellip;]<\/p>\n","protected":false},"author":2,"featured_media":739094,"comment_status":"open","ping_status":"open","sticky":false,"template":"","format":"standard","meta":{"_display_image":"","footnotes":""},"categories":[1304],"tags":[1157],"class_list":["post-739093","post","type-post","status-publish","format-standard","has-post-thumbnail","hentry","category-cultura-in-ungheria","tag-asia"],"blocksy_meta":[],"author_username":"alk","telegram_post":"","public_post_metadata":{"breaking_news":"","important":"","csempe":"","center_tile":"","disable_thumbnail":"","target_lang":"","_featured_image_style":"","telegram_post":"","_xlat_group_id":""},"public_rank_math_data":{"title":"%titolo% %sep% %nomesito%","description":"","focus_keyword":"","canonical_url":"","robots":"","primary_category":"1304","breadcrumb_title":"","facebook_title":"","facebook_description":"","facebook_image":"","facebook_image_id":"","twitter_title":"","twitter_description":"","twitter_image":"","twitter_image_id":"","twitter_card_type":"","twitter_use_facebook":"","advanced_robots":"","pillar_content":"","seo_score":"","contentai_score":"","rich_snippet":""},"_links":{"self":[{"href":"https:\/\/dailynewshungary.com\/it\/wp-json\/wp\/v2\/posts\/739093","targetHints":{"allow":["GET"]}}],"collection":[{"href":"https:\/\/dailynewshungary.com\/it\/wp-json\/wp\/v2\/posts"}],"about":[{"href":"https:\/\/dailynewshungary.com\/it\/wp-json\/wp\/v2\/types\/post"}],"author":[{"embeddable":true,"href":"https:\/\/dailynewshungary.com\/it\/wp-json\/wp\/v2\/users\/2"}],"replies":[{"embeddable":true,"href":"https:\/\/dailynewshungary.com\/it\/wp-json\/wp\/v2\/comments?post=739093"}],"version-history":[{"count":0,"href":"https:\/\/dailynewshungary.com\/it\/wp-json\/wp\/v2\/posts\/739093\/revisions"}],"wp:featuredmedia":[{"embeddable":true,"href":"https:\/\/dailynewshungary.com\/it\/wp-json\/wp\/v2\/media\/739094"}],"wp:attachment":[{"href":"https:\/\/dailynewshungary.com\/it\/wp-json\/wp\/v2\/media?parent=739093"}],"wp:term":[{"taxonomy":"category","embeddable":true,"href":"https:\/\/dailynewshungary.com\/it\/wp-json\/wp\/v2\/categories?post=739093"},{"taxonomy":"post_tag","embeddable":true,"href":"https:\/\/dailynewshungary.com\/it\/wp-json\/wp\/v2\/tags?post=739093"}],"curies":[{"name":"wp","href":"https:\/\/api.w.org\/{rel}","templated":true}]}}