{"id":739121,"date":"2014-02-14T15:30:43","date_gmt":"2014-02-14T14:30:43","guid":{"rendered":"https:\/\/dailynewshungary.com\/it\/ministero-delleconomia-nazionale-crescita-del-pil-piu-alta-in-sette-anni\/"},"modified":"2014-02-14T15:30:43","modified_gmt":"2014-02-14T14:30:43","slug":"ministero-delleconomia-nazionale-crescita-del-pil-piu-alta-in-sette-anni","status":"publish","type":"post","link":"https:\/\/dailynewshungary.com\/it\/ministero-delleconomia-nazionale-crescita-del-pil-piu-alta-in-sette-anni\/","title":{"rendered":"Ministero dell\u2019Economia Nazionale: crescita del PIL pi\u00f9 alta in sette anni"},"content":{"rendered":"<p><strong>La crescita del PIL dell&#8217;Ungheria nel quarto trimestre del 2013 ha accelerato al 2,7% dall&#8217;1,8% del trimestre precedente, ha dichiarato venerd\u00ec l&#8217;Ufficio centrale di statistica (KSH), intervenendo in una conferenza stampa nella tarda mattinata, il ministro dell&#8217;Economia nazionale Mih\u00e1ly Varga ha affermato che la struttura della crescita \u00e8 diventata pi\u00f9 equilibrata e pi\u00f9 sostenibile. Dopo l&#8217;annuncio il fiorino si \u00e8 rafforzato rispetto all&#8217;euro, per negoziare a 309,20 sul mercato interbancario.<\/strong><\/p>\n<p>Gli analisti dei mercati emergenti avevano precedentemente fissato il tasso annuo intorno al 2,4%. La crescita del PIL dell&#8217;Ungheria per l&#8217;intero anno \u00e8 stata dell&#8217;1,1%.<\/p>\n<p>Il ministro Varga ha osservato che la crescita si basa su forti esportazioni e sul miglioramento della domanda interna, sostenuta da maggiori riduzioni dei prezzi dei salari e dei servizi pubblici, non dal credito.<\/p>\n<p>Ha detto che tutti i rami dell&#8217;economia hanno contribuito in modo significativo alla crescita, ma ha evidenziato i settori agricolo, industriale e delle costruzioni La crescita di oltre il 10 per cento nel settore delle costruzioni \u00e8 stata legata agli investimenti, sostenuti da progetti governativi, al call-down accelerato dei finanziamenti UE e agli investimenti del settore privato, ha aggiunto.<\/p>\n<p>Il ministro Varga ha affermato che per il momento il governo non modificher\u00e0 la sua proiezione per una crescita del PIL del 2,0% quest&#8217;anno, poich\u00e9 sono necessari almeno un quarto o cinque mesi di dati prima che la proiezione possa essere riconsiderata.<\/p>\n<p>Gergely Supp\u00e1n, analista senior presso la Magyar Takar\u00e9ksz\u00f6vetkezeti Bank, ha definito la crescita del PIL del 2,7% un record di sette anni, aggiungendo l&#8217;aspettativa di una crescita del PIL a struttura equilibrata del 2,2% nel 2014. L&#8217;analista della ING Bank Andr\u00e1s Balatoni ha affermato che l&#8217;economia ungherese ha registrato una crescita economica sostanziale in due trimestri consecutivi lo scorso anno e che le prospettive sono favorevoli anche per quest&#8217;anno, menzionando la crescita potenziale del settore nel suo complesso e del settore edile al suo interno, nonch\u00e9 dei consumi interni e degli investimenti. Ha affermato che si aspetta che il PIL di quest&#8217;anno cresca tra il 2 e il 2,5%. Gli analisti di Erste Bank prevedono una crescita del PIL di circa l&#8217;1,9% quest&#8217;anno, alimentata principalmente da un decollo dei consumi e degli investimenti delle famiglie.<\/p>\n<p><em>Foto: kormany.hu<\/em><\/p>\n","protected":false},"excerpt":{"rendered":"<p>La crescita del PIL dell&#8217;Ungheria nel quarto trimestre del 2013 ha accelerato al 2,7% dall&#8217;1,8% del trimestre precedente, ha dichiarato venerd\u00ec l&#8217;Ufficio centrale di statistica (KSH), intervenendo in una conferenza stampa nella tarda mattinata, il ministro dell&#8217;Economia nazionale Mih\u00e1ly Varga ha affermato che la struttura della crescita \u00e8 diventata pi\u00f9 equilibrata e pi\u00f9 sostenibile. Dopo [&hellip;]<\/p>\n","protected":false},"author":2,"featured_media":739122,"comment_status":"open","ping_status":"open","sticky":false,"template":"","format":"standard","meta":{"_display_image":"","footnotes":""},"categories":[1314],"tags":[1132,1368],"class_list":["post-739121","post","type-post","status-publish","format-standard","has-post-thumbnail","hentry","category-economia-in-ungheria","tag-economia","tag-fiorino"],"blocksy_meta":[],"author_username":"alk","telegram_post":"","public_post_metadata":{"breaking_news":"","important":"","csempe":"","center_tile":"","disable_thumbnail":"","target_lang":"","_featured_image_style":"","telegram_post":"","_xlat_group_id":""},"public_rank_math_data":{"title":"%titolo% %sep% %nomesito%","description":"","focus_keyword":"","canonical_url":"","robots":"","primary_category":"1314","breadcrumb_title":"","facebook_title":"","facebook_description":"","facebook_image":"","facebook_image_id":"","twitter_title":"","twitter_description":"","twitter_image":"","twitter_image_id":"","twitter_card_type":"","twitter_use_facebook":"","advanced_robots":"","pillar_content":"","seo_score":"","contentai_score":"","rich_snippet":""},"_links":{"self":[{"href":"https:\/\/dailynewshungary.com\/it\/wp-json\/wp\/v2\/posts\/739121","targetHints":{"allow":["GET"]}}],"collection":[{"href":"https:\/\/dailynewshungary.com\/it\/wp-json\/wp\/v2\/posts"}],"about":[{"href":"https:\/\/dailynewshungary.com\/it\/wp-json\/wp\/v2\/types\/post"}],"author":[{"embeddable":true,"href":"https:\/\/dailynewshungary.com\/it\/wp-json\/wp\/v2\/users\/2"}],"replies":[{"embeddable":true,"href":"https:\/\/dailynewshungary.com\/it\/wp-json\/wp\/v2\/comments?post=739121"}],"version-history":[{"count":0,"href":"https:\/\/dailynewshungary.com\/it\/wp-json\/wp\/v2\/posts\/739121\/revisions"}],"wp:featuredmedia":[{"embeddable":true,"href":"https:\/\/dailynewshungary.com\/it\/wp-json\/wp\/v2\/media\/739122"}],"wp:attachment":[{"href":"https:\/\/dailynewshungary.com\/it\/wp-json\/wp\/v2\/media?parent=739121"}],"wp:term":[{"taxonomy":"category","embeddable":true,"href":"https:\/\/dailynewshungary.com\/it\/wp-json\/wp\/v2\/categories?post=739121"},{"taxonomy":"post_tag","embeddable":true,"href":"https:\/\/dailynewshungary.com\/it\/wp-json\/wp\/v2\/tags?post=739121"}],"curies":[{"name":"wp","href":"https:\/\/api.w.org\/{rel}","templated":true}]}}