{"id":739259,"date":"2014-02-02T16:15:40","date_gmt":"2014-02-02T15:15:40","guid":{"rendered":"https:\/\/dailynewshungary.com\/it\/mostra-caravaggio-to-canaletto-fino-al-16-febbraio\/"},"modified":"2014-02-02T16:15:40","modified_gmt":"2014-02-02T15:15:40","slug":"mostra-caravaggio-to-canaletto-fino-al-16-febbraio","status":"publish","type":"post","link":"https:\/\/dailynewshungary.com\/it\/mostra-caravaggio-to-canaletto-fino-al-16-febbraio\/","title":{"rendered":"Mostra Caravaggio to Canaletto fino al 16 febbraio"},"content":{"rendered":"<p><strong>La mostra del Museo di Belle Arti intitolata Caravaggio a Canaletto presenter\u00e0 gli stili principali, le figure di artisti eccezionali nonch\u00e9 la straordinaria ricchezza di generi, tecniche e temi della pittura italiana del XVII e XVIII secolo attraverso pi\u00f9 di 140 opere di 100 maestri, inclusi nove dipinti. il numero pi\u00f9 alto di un singolo artista incluso nel materiale esposto dal genio di spicco del periodo, Caravaggio.<\/strong><\/p>\n<p>La spina dorsale della selezione \u00e8 costituita dalle 34 opere principali della collezione italiana barocca e rococ\u00f2, acclamata a livello internazionale, della Galleria degli antichi maestri del museo, che sar\u00e0 completata da 106 capolavori arrivati a Budapest da sessantadue collezioni di undici paesi, come il gallerie nazionali a Washington e Londra, il Mus\u00e9e du Louvre a Parigi, il Museo del Prado e il Museo Thyssen-Bornemisza a Madrid, la Galleria degli Uffizi a Firenze, la Gem\u00e4ldegalerie a Berlino, la Gem\u00e4ldegalerie Alte Meister a Dresda, il Kunsthistorisches Museum a Vienna e la Galleria Borghese a Roma. Il materiale attira l&#8217;attenzione internazionale poich\u00e9 una mostra completa e su larga scala che esamina l&#8217;intera pittura italiana come quella di Budapest non viene allestita da decenni in nessuna parte del mondo.<\/p>\n<p>Alcuni anni fa il Museo delle Belle Arti si \u00e8 posto l&#8217;ambizioso obiettivo di presentare la pittura italiana del XV-XVIII secolo in due mostre consecutive, senza precedenti nella sua portata in Ungheria. La prima, intitolata Botticelli a Tiziano, tenutasi nel 2009-2010, ha attirato 230mila visitatori, diventando cos\u00ec una delle mostre di maggior successo nella storia del museo.<\/p>\n<p>La prossima mostra rappresentativa dedicata alla pittura italiana del XVII-XVIII secolo si aprir\u00e0 in ottobre e sar\u00e0 l&#8217;evento conclusivo della Stagione Culturale Italo-Ungarica 2013 in Ungheria. I due secoli di arte italiana censiti dalla mostra sono stati determinati dallo stile barocco, che prevalse durante tutto il periodo Il primo barocco, iniziato alla fine del secolo precedente, continu\u00f2 nel seicento del XVII secolo, che vide sorgere il naturalismo di Caravaggio e dei suoi seguaci, cos\u00ec come la scuola bolognese di classicismo legata ai Caracci L&#8217;alto barocco, durato pi\u00f9 di cinquant&#8217;anni, si caratterizz\u00f2 ugualmente per lo stile dinamico dei cosiddetti maestri decoratori, il classicismo barocco e il primo romanticismo. Possiamo parlare del periodo tardo barocco degli ultimi decenni del seicento, quando la tradizione dei grandi maestri fu portata avanti in modo un po&#8217; vuoto e routinario. L&#8217;Era fin\u00ec nel XVIII secolo con il lussuoso rococ\u00f2 veneziano, mentre a met\u00e0 del secolo, si riferiva anche al settecento, come settecent, iniziavano a creare gli stili artistici e realistici della rappresentazione della rappresentazione della stessa gamma di stili artistici realistici.<\/p>\n<p>La mostra rilever\u00e0 il periodo in otto capitoli, a partire dal Caravaggio, la cui attivit\u00e0 a Roma port\u00f2 un cambiamento radicale nella pittura, passando al barocco in sostituzione del manierismo, per finire con lo sviluppo del rococ\u00f2 e del classicismo e l&#8217;introduzione dei loro maestri. La sezione di apertura esporr\u00e0 due opere giovanili del Caravaggio, una di esse il Ragazzo con cesto di frutta, a cui seguiranno alcune composizioni religiose della pittura caravaggista, tra cui due versioni della Salom\u00e8 di Caravaggio. La terza sezione mostrer\u00e0 il classico barocco legato ai nomi di Lodovico, Agostino e Annibale Carracci, mentre la quarta unit\u00e0 presenter\u00e0 la diffusione e la fioritura dell&#8217;arte barocca. La quinta sezione fornir\u00e0 una panoramica dei generi borghesi della natura morta, del paesaggio, del ritratto e del ritratto di genere, seguita dalla parte dedicata alle principali tendenze stilistiche del XVIII secolo. Le ultime due sezioni forniranno uno scorcio della pittura settecentesca a Venezia e introdurranno la veduta e la fuga (paesaggio), che divenne un paesaggio popolare nella citt\u00e0 veneziana attraverso quel canale di quel periodo.<br \/>\nLa mostra \u00e8 realizzata al pi\u00f9 alto livello, grazie alla collaborazione di quasi cinquanta ungheresi e stranieri<br \/>\ncuratori specializzati nel periodo, ed \u00e8 accompagnato da un catalogo ungherese e inglese.<\/p>\n<p>La mostra \u00e8 curata da Zsuzsanna Dobos, storica dell&#8217;arte presso la Galleria degli Antichi Maestri, Museo delle Belle Arti.<\/p>\n<p>Leggi di pi\u00f9 mostra QUI.<\/p>\n<p><em>Immagini (da sinistra a destra):<\/em><br \/>\n<em>Caravaggio: Ragazzo con un Cesto di Frutta, ca. 1593Roma, Galleria Borghese \u00a9 2013. Photo Scala, Firenze<\/em><br \/>\n<em>Caravaggio: San Giovanni Battista, 1600\u00a9 ca Pinacoteca<\/em><br \/>\n<em>Canaletto: Il Molo verso la Riva degli Schiavoni, ca. 1738Milano, Castello Sforzesco \u00a9 2013 Photo Scala, Florence<\/em><\/p>\n","protected":false},"excerpt":{"rendered":"<p>La mostra del Museo di Belle Arti intitolata Caravaggio a Canaletto presenter\u00e0 gli stili principali, le figure di artisti eccezionali nonch\u00e9 la straordinaria ricchezza di generi, tecniche e temi della pittura italiana del XVII e XVIII secolo attraverso pi\u00f9 di 140 opere di 100 maestri, inclusi nove dipinti. il numero pi\u00f9 alto di un singolo [&hellip;]<\/p>\n","protected":false},"author":2,"featured_media":739260,"comment_status":"open","ping_status":"open","sticky":false,"template":"","format":"standard","meta":{"_display_image":"","footnotes":""},"categories":[1304],"tags":[1104],"class_list":["post-739259","post","type-post","status-publish","format-standard","has-post-thumbnail","hentry","category-cultura-in-ungheria","tag-mostra"],"blocksy_meta":[],"author_username":"alk","telegram_post":"","public_post_metadata":{"breaking_news":"","important":"","csempe":"","center_tile":"","disable_thumbnail":"","target_lang":"","_featured_image_style":"","telegram_post":"","_xlat_group_id":""},"public_rank_math_data":{"title":"%titolo% %sep% %nomesito%","description":"","focus_keyword":"","canonical_url":"","robots":"","primary_category":"1304","breadcrumb_title":"","facebook_title":"","facebook_description":"","facebook_image":"","facebook_image_id":"","twitter_title":"","twitter_description":"","twitter_image":"","twitter_image_id":"","twitter_card_type":"","twitter_use_facebook":"","advanced_robots":"","pillar_content":"","seo_score":"","contentai_score":"","rich_snippet":""},"_links":{"self":[{"href":"https:\/\/dailynewshungary.com\/it\/wp-json\/wp\/v2\/posts\/739259","targetHints":{"allow":["GET"]}}],"collection":[{"href":"https:\/\/dailynewshungary.com\/it\/wp-json\/wp\/v2\/posts"}],"about":[{"href":"https:\/\/dailynewshungary.com\/it\/wp-json\/wp\/v2\/types\/post"}],"author":[{"embeddable":true,"href":"https:\/\/dailynewshungary.com\/it\/wp-json\/wp\/v2\/users\/2"}],"replies":[{"embeddable":true,"href":"https:\/\/dailynewshungary.com\/it\/wp-json\/wp\/v2\/comments?post=739259"}],"version-history":[{"count":0,"href":"https:\/\/dailynewshungary.com\/it\/wp-json\/wp\/v2\/posts\/739259\/revisions"}],"wp:featuredmedia":[{"embeddable":true,"href":"https:\/\/dailynewshungary.com\/it\/wp-json\/wp\/v2\/media\/739260"}],"wp:attachment":[{"href":"https:\/\/dailynewshungary.com\/it\/wp-json\/wp\/v2\/media?parent=739259"}],"wp:term":[{"taxonomy":"category","embeddable":true,"href":"https:\/\/dailynewshungary.com\/it\/wp-json\/wp\/v2\/categories?post=739259"},{"taxonomy":"post_tag","embeddable":true,"href":"https:\/\/dailynewshungary.com\/it\/wp-json\/wp\/v2\/tags?post=739259"}],"curies":[{"name":"wp","href":"https:\/\/api.w.org\/{rel}","templated":true}]}}