{"id":739305,"date":"2014-01-29T14:48:35","date_gmt":"2014-01-29T13:48:35","guid":{"rendered":"https:\/\/dailynewshungary.com\/it\/jobbik-avvia-ludienza-di-martonyi-semjen-sulla-situazione-in-ucraina\/"},"modified":"2014-01-29T14:48:35","modified_gmt":"2014-01-29T13:48:35","slug":"jobbik-avvia-ludienza-di-martonyi-semjen-sulla-situazione-in-ucraina","status":"publish","type":"post","link":"https:\/\/dailynewshungary.com\/it\/jobbik-avvia-ludienza-di-martonyi-semjen-sulla-situazione-in-ucraina\/","title":{"rendered":"Jobbik avvia l\u2019udienza di Martonyi, Semjen sulla situazione in Ucraina"},"content":{"rendered":"<p><strong>Budapest, 9 gennaio (MTI) 2 Il partito nazionalista radicale Jobbik ha chiesto alla commissione per gli affari esteri del parlamento di ascoltare il ministro degli Esteri e il vice primo ministro sulla situazione in Ucraina, hanno annunciato oggi i funzionari del partito.<\/strong><\/p>\n<p><a href=\"https:\/\/dailynewshungary.com\/wp-content\/uploads\/2014\/01\/szavay.jpg\" data-pswp-width=\"\" data-pswp-height=\"\" data-cropped=\"true\"><img loading=\"lazy\" decoding=\"async\" class=\"size-full wp-image-4314 alignleft\" alt=\"szavay\" src=\"https:\/\/dailynewshungary.com\/wp-content\/uploads\/2014\/01\/szavay.jpg\" width=\"116\" height=\"152\" srcset=\"https:\/\/contentf5.dailynewshungary.com\/wp-content\/uploads\/2014\/01\/szavay.jpg 273w, https:\/\/contentf5.dailynewshungary.com\/wp-content\/uploads\/2014\/01\/szavay-229x300.jpg 229w\" sizes=\"auto, (max-width: 116px) 100vw, 116px\"><\/a>Jobbik vuole che i legislatori siano informati sugli obiettivi e sui piani del governo, nonch\u00e9 che ascoltino una valutazione ufficiale dell&#8217;attuale situazione in Ucraina, hanno detto i parlamentari Marton Gyongyosi e Istvan Szavay.<\/p>\n<p>Il partito ha avanzato una proposta per la creazione di una delegazione di cinque partiti con l&#8217;obiettivo di fare una visita in Transcarpazia e incontrare i leader locali della comunit\u00e0 etnica ungherese Szavay ha detto che l&#8217;Ungheria deve sostenere fermamente gli sforzi di autonomia degli ucraini ungheresi l\u00ec come \u201cle intenzioni del governo ungherese a questo riguardo sono invisibili\u201d.<\/p>\n<p><a href=\"https:\/\/dailynewshungary.com\/wp-content\/uploads\/2014\/01\/gyongyosi-jobbik-hungary.jpg\" data-pswp-width=\"\" data-pswp-height=\"\" data-cropped=\"true\"><img loading=\"lazy\" decoding=\"async\" class=\" wp-image-4315 alignright\" alt=\"gyongyosi-jobbik-ungheria\" src=\"https:\/\/dailynewshungary.com\/wp-content\/uploads\/2014\/01\/gyongyosi-jobbik-hungary.jpg\" width=\"113\" height=\"150\"><\/a>Gyongyosi ha detto che \u00e8 deplorevole che il ministro degli Esteri Janos Martonyi, nei commenti fatti marted\u00ec, non abbia nemmeno menzionato la comunit\u00e0 ungherese di 150.000 persone.<\/p>\n<p><em>Foto: MTI<\/em><\/p>\n","protected":false},"excerpt":{"rendered":"<p>Budapest, 9 gennaio (MTI) 2 Il partito nazionalista radicale Jobbik ha chiesto alla commissione per gli affari esteri del parlamento di ascoltare il ministro degli Esteri e il vice primo ministro sulla situazione in Ucraina, hanno annunciato oggi i funzionari del partito. Jobbik vuole che i legislatori siano informati sugli obiettivi e sui piani del [&hellip;]<\/p>\n","protected":false},"author":2,"featured_media":739306,"comment_status":"open","ping_status":"open","sticky":false,"template":"","format":"standard","meta":{"_display_image":"","footnotes":""},"categories":[1185],"tags":[1412,1092],"class_list":["post-739305","post","type-post","status-publish","format-standard","has-post-thumbnail","hentry","category-politica-in-ungheria","tag-jobbik","tag-ministero-degli-affari-esteri-dellungheria"],"blocksy_meta":[],"author_username":"alk","telegram_post":"","public_post_metadata":{"breaking_news":"","important":"","csempe":"","center_tile":"","disable_thumbnail":"","target_lang":"","_featured_image_style":"","telegram_post":"","_xlat_group_id":""},"public_rank_math_data":{"title":"%titolo% %sep% %nomesito%","description":"","focus_keyword":"","canonical_url":"","robots":"","primary_category":"1185","breadcrumb_title":"","facebook_title":"","facebook_description":"","facebook_image":"","facebook_image_id":"","twitter_title":"","twitter_description":"","twitter_image":"","twitter_image_id":"","twitter_card_type":"","twitter_use_facebook":"","advanced_robots":"","pillar_content":"","seo_score":"","contentai_score":"","rich_snippet":""},"_links":{"self":[{"href":"https:\/\/dailynewshungary.com\/it\/wp-json\/wp\/v2\/posts\/739305","targetHints":{"allow":["GET"]}}],"collection":[{"href":"https:\/\/dailynewshungary.com\/it\/wp-json\/wp\/v2\/posts"}],"about":[{"href":"https:\/\/dailynewshungary.com\/it\/wp-json\/wp\/v2\/types\/post"}],"author":[{"embeddable":true,"href":"https:\/\/dailynewshungary.com\/it\/wp-json\/wp\/v2\/users\/2"}],"replies":[{"embeddable":true,"href":"https:\/\/dailynewshungary.com\/it\/wp-json\/wp\/v2\/comments?post=739305"}],"version-history":[{"count":0,"href":"https:\/\/dailynewshungary.com\/it\/wp-json\/wp\/v2\/posts\/739305\/revisions"}],"wp:featuredmedia":[{"embeddable":true,"href":"https:\/\/dailynewshungary.com\/it\/wp-json\/wp\/v2\/media\/739306"}],"wp:attachment":[{"href":"https:\/\/dailynewshungary.com\/it\/wp-json\/wp\/v2\/media?parent=739305"}],"wp:term":[{"taxonomy":"category","embeddable":true,"href":"https:\/\/dailynewshungary.com\/it\/wp-json\/wp\/v2\/categories?post=739305"},{"taxonomy":"post_tag","embeddable":true,"href":"https:\/\/dailynewshungary.com\/it\/wp-json\/wp\/v2\/tags?post=739305"}],"curies":[{"name":"wp","href":"https:\/\/api.w.org\/{rel}","templated":true}]}}