{"id":739309,"date":"2014-01-29T11:00:41","date_gmt":"2014-01-29T10:00:41","guid":{"rendered":"https:\/\/dailynewshungary.com\/it\/ministro-degli-esteri-ungherese-lucraina-non-deve-essere-destabilizzata\/"},"modified":"2014-01-29T11:00:41","modified_gmt":"2014-01-29T10:00:41","slug":"ministro-degli-esteri-ungherese-lucraina-non-deve-essere-destabilizzata","status":"publish","type":"post","link":"https:\/\/dailynewshungary.com\/it\/ministro-degli-esteri-ungherese-lucraina-non-deve-essere-destabilizzata\/","title":{"rendered":"Ministro degli Esteri ungherese: l\u2019Ucraina non deve essere destabilizzata"},"content":{"rendered":"<p><strong>Budapest, 8 gennaio (MTI) 2 L&#8217;obiettivo pi\u00f9 importante nell&#8217;attuale situazione in Ucraina \u00e8 evitare di destabilizzare il paese, e le parti devono gestire attentamente la tensione politica, ha detto marted\u00ec il ministro degli Esteri Janos Martonyi in un&#8217;intervista radiofonica.<\/strong><\/p>\n<p>Parlando all&#8217;emittente commerciale Gazdasagi Radio, Martonyi ha detto che gli sviluppi degli ultimi giorni sono stati un&#8217;evasione molto preoccupante. \u00c8 nell&#8217;interesse di tutti, sia dell&#8217;Europa che della Russia, non destabilizzare il Paese.<\/p>\n<p>Il governo ucraino si \u00e8 dimesso ma non si pu\u00f2 sapere cosa ci sia in serbo nelle prossime ore o giorni, ha detto, aggiungendo che i primi ministri dei quattro paesi di Visegrad si sarebbero incontrati marted\u00ec sera per discutere della situazione in Ucraina.<\/p>\n<p>Ha detto che \u00e8 stato un errore molto grave da parte della leadership ucraina interrompere i negoziati sull&#8217;accordo di associazione con l&#8217;UE all&#8217;ultimo minuto e dopo molti anni di colloqui, e quando il parlamento ucraino lo ha approvato. Allo stesso tempo, la diplomazia russa ha commesso un errore piuttosto grave e ha valutato male la situazione, e anche loro probabilmente ora vedono questo.\u201d<\/p>\n<p>Per quanto riguarda la Russia, il libero scambio tra l&#8217;UE e l&#8217;Ucraina sarebbe inaccettabile per l&#8217;economia russa, ha affermato, aggiungendo che questo timore \u00e8 esagerato e che si potrebbe trovare una soluzione.<\/p>\n<p>Martonyi ha detto che \u00e8 nell&#8217;interesse dell&#8217;Ungheria che l&#8217;Ucraina si avvicini all&#8217;UE Le manifestazioni in corso in Ucraina sono anche un riconoscimento del vantaggio di legami pi\u00f9 stretti con il blocco, e questo non vale solo per la parte occidentale del paese, ha detto, aggiungendo che questo dovrebbe essere preso sul serio.<\/p>\n<p><em>Foto: MTI<\/em><\/p>\n","protected":false},"excerpt":{"rendered":"<p>Budapest, 8 gennaio (MTI) 2 L&#8217;obiettivo pi\u00f9 importante nell&#8217;attuale situazione in Ucraina \u00e8 evitare di destabilizzare il paese, e le parti devono gestire attentamente la tensione politica, ha detto marted\u00ec il ministro degli Esteri Janos Martonyi in un&#8217;intervista radiofonica. Parlando all&#8217;emittente commerciale Gazdasagi Radio, Martonyi ha detto che gli sviluppi degli ultimi giorni sono stati [&hellip;]<\/p>\n","protected":false},"author":2,"featured_media":739310,"comment_status":"open","ping_status":"open","sticky":false,"template":"","format":"standard","meta":{"_display_image":"","footnotes":""},"categories":[1185],"tags":[1092],"class_list":["post-739309","post","type-post","status-publish","format-standard","has-post-thumbnail","hentry","category-politica-in-ungheria","tag-ministero-degli-affari-esteri-dellungheria"],"blocksy_meta":[],"author_username":"alk","telegram_post":"","public_post_metadata":{"breaking_news":"","important":"","csempe":"","center_tile":"","disable_thumbnail":"","target_lang":"","_featured_image_style":"","telegram_post":"","_xlat_group_id":""},"public_rank_math_data":{"title":"%titolo% %sep% %nomesito%","description":"","focus_keyword":"","canonical_url":"","robots":"","primary_category":"1185","breadcrumb_title":"","facebook_title":"","facebook_description":"","facebook_image":"","facebook_image_id":"","twitter_title":"","twitter_description":"","twitter_image":"","twitter_image_id":"","twitter_card_type":"","twitter_use_facebook":"","advanced_robots":"","pillar_content":"","seo_score":"","contentai_score":"","rich_snippet":""},"_links":{"self":[{"href":"https:\/\/dailynewshungary.com\/it\/wp-json\/wp\/v2\/posts\/739309","targetHints":{"allow":["GET"]}}],"collection":[{"href":"https:\/\/dailynewshungary.com\/it\/wp-json\/wp\/v2\/posts"}],"about":[{"href":"https:\/\/dailynewshungary.com\/it\/wp-json\/wp\/v2\/types\/post"}],"author":[{"embeddable":true,"href":"https:\/\/dailynewshungary.com\/it\/wp-json\/wp\/v2\/users\/2"}],"replies":[{"embeddable":true,"href":"https:\/\/dailynewshungary.com\/it\/wp-json\/wp\/v2\/comments?post=739309"}],"version-history":[{"count":0,"href":"https:\/\/dailynewshungary.com\/it\/wp-json\/wp\/v2\/posts\/739309\/revisions"}],"wp:featuredmedia":[{"embeddable":true,"href":"https:\/\/dailynewshungary.com\/it\/wp-json\/wp\/v2\/media\/739310"}],"wp:attachment":[{"href":"https:\/\/dailynewshungary.com\/it\/wp-json\/wp\/v2\/media?parent=739309"}],"wp:term":[{"taxonomy":"category","embeddable":true,"href":"https:\/\/dailynewshungary.com\/it\/wp-json\/wp\/v2\/categories?post=739309"},{"taxonomy":"post_tag","embeddable":true,"href":"https:\/\/dailynewshungary.com\/it\/wp-json\/wp\/v2\/tags?post=739309"}],"curies":[{"name":"wp","href":"https:\/\/api.w.org\/{rel}","templated":true}]}}