{"id":739411,"date":"2014-01-19T11:59:50","date_gmt":"2014-01-19T10:59:50","guid":{"rendered":"https:\/\/dailynewshungary.com\/it\/jobbik-rovescera-gli-ultimi-24-anni-afferma-il-leader-del-partito-vona\/"},"modified":"2014-01-19T11:59:50","modified_gmt":"2014-01-19T10:59:50","slug":"jobbik-rovescera-gli-ultimi-24-anni-afferma-il-leader-del-partito-vona","status":"publish","type":"post","link":"https:\/\/dailynewshungary.com\/it\/jobbik-rovescera-gli-ultimi-24-anni-afferma-il-leader-del-partito-vona\/","title":{"rendered":"Jobbik rovescer\u00e0 gli ultimi 24 anni, afferma il leader del partito Vona"},"content":{"rendered":"<p><strong>(MTI) (MTI) Il partito nazionalista radicale Jobbik vuole rovesciare l&#8217;intero periodo di 24 anni dal cambio di regime non solo l&#8217;attuale governo alle elezioni generali di primavera, ha detto sabato il leader del partito Gabor Vona.<\/strong><\/p>\n<p>Vona ha detto a circa 2.000 partecipanti invitati all&#8217;evento \u201cstate of the Nation\u201d del partito a Budapest che Jobbik era pronto a governare l&#8217;Ungheria.<\/p>\n<p>Il partito ha preparato il suo programma elettorale soprannominato \u201cLo diremo, lo risolveremo,\u201d che si concentra sulla garanzia alle persone di sostentamento, sicurezza e ordine. Inoltre, Jobbik vuole chiamare finalmente le persone a rendere conto delle loro azioni, che sono state trascurate negli ultimi 24 anni, ha aggiunto.<\/p>\n<p>Secondo Vona, coloro che votano per il Fidesz al potere e i principali socialisti dell&#8217;opposizione sono masochisti. Ha detto che il messaggio agli elettori incerti \u00e8 che \u201cit non \u00e8 Jobbik ad essere radicale ma la situazione.\u201d<\/p>\n<p>Vona ha detto che il suo partito avvier\u00e0 la prossima settimana un referendum sulla protezione del territorio ungherese e sulla modifica del trattato di adesione dell&#8217;Ungheria all&#8217;Unione Europea.<\/p>\n<p>Vona ha proposto un dibattito di tre candidati premier che coinvolga il primo ministro Viktor Orban, leader socialista Attila Mesterhazy amd stesso, da tenersi durante la campagna elettorale.<\/p>\n<p>In relazione alla centrale nucleare di Paks, ha detto che Jobbik ha costantemente sostenuto l&#8217;espansione e ritengono che quella offerta dalla Russia sia la pi\u00f9 sicura di tutte le opzioni possibili Ha detto che \u00e8 deplorevole per\u00f2 che questa questione di politica energetica sia diventata un argomento di campagna Ha detto che \u00e8 stato un errore tattico per conto di Orban che non ha consultato il parlamento sulla questione e ha programmato l&#8217;annuncio all&#8217;inizio della campagna.<\/p>\n<p><em>Foto: MTI \u2013 Lajos So\u00f3s<\/em><\/p>\n","protected":false},"excerpt":{"rendered":"<p>(MTI) (MTI) Il partito nazionalista radicale Jobbik vuole rovesciare l&#8217;intero periodo di 24 anni dal cambio di regime non solo l&#8217;attuale governo alle elezioni generali di primavera, ha detto sabato il leader del partito Gabor Vona. Vona ha detto a circa 2.000 partecipanti invitati all&#8217;evento \u201cstate of the Nation\u201d del partito a Budapest che Jobbik [&hellip;]<\/p>\n","protected":false},"author":2,"featured_media":739412,"comment_status":"open","ping_status":"open","sticky":false,"template":"","format":"standard","meta":{"_display_image":"","footnotes":""},"categories":[1185],"tags":[1412],"class_list":["post-739411","post","type-post","status-publish","format-standard","has-post-thumbnail","hentry","category-politica-in-ungheria","tag-jobbik"],"blocksy_meta":[],"author_username":"alk","telegram_post":"","public_post_metadata":{"breaking_news":"","important":"","csempe":"","center_tile":"","disable_thumbnail":"","target_lang":"","_featured_image_style":"","telegram_post":"","_xlat_group_id":""},"public_rank_math_data":{"title":"%titolo% %sep% %nomesito%","description":"","focus_keyword":"","canonical_url":"","robots":"","primary_category":"1185","breadcrumb_title":"","facebook_title":"","facebook_description":"","facebook_image":"","facebook_image_id":"","twitter_title":"","twitter_description":"","twitter_image":"","twitter_image_id":"","twitter_card_type":"","twitter_use_facebook":"","advanced_robots":"","pillar_content":"","seo_score":"","contentai_score":"","rich_snippet":""},"_links":{"self":[{"href":"https:\/\/dailynewshungary.com\/it\/wp-json\/wp\/v2\/posts\/739411","targetHints":{"allow":["GET"]}}],"collection":[{"href":"https:\/\/dailynewshungary.com\/it\/wp-json\/wp\/v2\/posts"}],"about":[{"href":"https:\/\/dailynewshungary.com\/it\/wp-json\/wp\/v2\/types\/post"}],"author":[{"embeddable":true,"href":"https:\/\/dailynewshungary.com\/it\/wp-json\/wp\/v2\/users\/2"}],"replies":[{"embeddable":true,"href":"https:\/\/dailynewshungary.com\/it\/wp-json\/wp\/v2\/comments?post=739411"}],"version-history":[{"count":0,"href":"https:\/\/dailynewshungary.com\/it\/wp-json\/wp\/v2\/posts\/739411\/revisions"}],"wp:featuredmedia":[{"embeddable":true,"href":"https:\/\/dailynewshungary.com\/it\/wp-json\/wp\/v2\/media\/739412"}],"wp:attachment":[{"href":"https:\/\/dailynewshungary.com\/it\/wp-json\/wp\/v2\/media?parent=739411"}],"wp:term":[{"taxonomy":"category","embeddable":true,"href":"https:\/\/dailynewshungary.com\/it\/wp-json\/wp\/v2\/categories?post=739411"},{"taxonomy":"post_tag","embeddable":true,"href":"https:\/\/dailynewshungary.com\/it\/wp-json\/wp\/v2\/tags?post=739411"}],"curies":[{"name":"wp","href":"https:\/\/api.w.org\/{rel}","templated":true}]}}