{"id":739561,"date":"2014-01-04T18:33:27","date_gmt":"2014-01-04T17:33:27","guid":{"rendered":"https:\/\/dailynewshungary.com\/it\/fidesz-chiama-i-forum-sui-tagli-dei-prezzi-delle-utility\/"},"modified":"2014-01-04T18:33:27","modified_gmt":"2014-01-04T17:33:27","slug":"fidesz-chiama-i-forum-sui-tagli-dei-prezzi-delle-utility","status":"publish","type":"post","link":"https:\/\/dailynewshungary.com\/it\/fidesz-chiama-i-forum-sui-tagli-dei-prezzi-delle-utility\/","title":{"rendered":"Fidesz chiama i forum sui tagli dei prezzi delle utility"},"content":{"rendered":"<p><strong>Budapest, 4 gennaio (MTI) Il governo di Fidesz convocher\u00e0 nuovamente i forum per aumentare il sostegno ai tagli dei prezzi dei servizi pubblici a partire dalla met\u00e0 di gennaio, ha detto oggi il direttore delle comunicazioni del partito.<\/strong><\/p>\n<p>Fidesz e il suo partner nell&#8217;alleanza di governo, i Democratici Cristiani, organizzeranno 119 forum in tutto il paese con la partecipazione di oltre 30 politici, ha affermato Mate Kocsis.<\/p>\n<p>Nei forum si inviter\u00e0 la gente a difendere ci\u00f2 che il governo ha ottenuto, anche se ci\u00f2 significa diventare attivisti per la campagna parlamentare Fidesz-Democratico Cristiano, ha affermato, sottolineando che la sinistra si sta preparando a spazzare via i risultati dei precedenti servizi pubblici. tagli ai prezzi.<\/p>\n<p>Negli ultimi due giorni, pi\u00f9 di 4.000 persone hanno detto al telefono che vogliono aiutare il lavoro dei partiti governativi come attivisti, ha detto Kocsis. Fidesz spera che 100.000 ungheresi aiutino con la campagna, ha aggiunto. Lo scorso anno il governo ha imposto due tagli ai prezzi dei servizi pubblici che hanno fatto risparmiare agli ungheresi un totale del 20% sulle bollette del gas, dell&#8217;elettricit\u00e0 e del teleriscaldamento. Kocsis ha affermato che il governo mira a tagliare i prezzi dei servizi pubblici per la terza volta quest&#8217;anno.<\/p>\n<p>Un portavoce del partito nazionalista radicale <strong>Jobbik<\/strong> sabato, in una conferenza stampa, ha affermato che \u00e8 irresponsabile e costoso utilizzare la guerra di \u201cutilities come strumento di propaganda. Adam Mirkoczki ha affermato che se la questione \u00e8 importante per il governo, dovrebbe stabilire garanzie nella legge che garantiscano che i prezzi non aumentino dopo le elezioni.<\/p>\n<p>Un portavoce del <strong>Coalizione Democratica<\/strong> protest\u00f2 contro l&#8217;uso dell&#8217;espressione \u201cHungarian Team\u201d in lettere che invitavano le persone ai forum per descrivere gli attivisti che difendono i tagli dei prezzi dei servizi pubblici Zsolt Greczy disse che era \u201cshameless\u201d chiamare quei \u201cche sostengono le bugie di Fidesz\u201d il Team Ungherese.<\/p>\n<p><em>Foto: 8kerulet.bpn.hu<\/em><\/p>\n","protected":false},"excerpt":{"rendered":"<p>Budapest, 4 gennaio (MTI) Il governo di Fidesz convocher\u00e0 nuovamente i forum per aumentare il sostegno ai tagli dei prezzi dei servizi pubblici a partire dalla met\u00e0 di gennaio, ha detto oggi il direttore delle comunicazioni del partito. Fidesz e il suo partner nell&#8217;alleanza di governo, i Democratici Cristiani, organizzeranno 119 forum in tutto il [&hellip;]<\/p>\n","protected":false},"author":2,"featured_media":739562,"comment_status":"open","ping_status":"open","sticky":false,"template":"","format":"standard","meta":{"_display_image":"","footnotes":""},"categories":[1185],"tags":[1093,1132,1412],"class_list":["post-739561","post","type-post","status-publish","format-standard","has-post-thumbnail","hentry","category-politica-in-ungheria","tag-coalizione-democratica","tag-economia","tag-jobbik"],"blocksy_meta":[],"author_username":"alk","telegram_post":"","public_post_metadata":{"breaking_news":"","important":"","csempe":"","center_tile":"","disable_thumbnail":"","target_lang":"","_featured_image_style":"","telegram_post":"","_xlat_group_id":""},"public_rank_math_data":{"title":"%titolo% %sep% %nomesito%","description":"","focus_keyword":"","canonical_url":"","robots":"","primary_category":"1185","breadcrumb_title":"","facebook_title":"","facebook_description":"","facebook_image":"","facebook_image_id":"","twitter_title":"","twitter_description":"","twitter_image":"","twitter_image_id":"","twitter_card_type":"","twitter_use_facebook":"","advanced_robots":"","pillar_content":"","seo_score":"","contentai_score":"","rich_snippet":""},"_links":{"self":[{"href":"https:\/\/dailynewshungary.com\/it\/wp-json\/wp\/v2\/posts\/739561","targetHints":{"allow":["GET"]}}],"collection":[{"href":"https:\/\/dailynewshungary.com\/it\/wp-json\/wp\/v2\/posts"}],"about":[{"href":"https:\/\/dailynewshungary.com\/it\/wp-json\/wp\/v2\/types\/post"}],"author":[{"embeddable":true,"href":"https:\/\/dailynewshungary.com\/it\/wp-json\/wp\/v2\/users\/2"}],"replies":[{"embeddable":true,"href":"https:\/\/dailynewshungary.com\/it\/wp-json\/wp\/v2\/comments?post=739561"}],"version-history":[{"count":0,"href":"https:\/\/dailynewshungary.com\/it\/wp-json\/wp\/v2\/posts\/739561\/revisions"}],"wp:featuredmedia":[{"embeddable":true,"href":"https:\/\/dailynewshungary.com\/it\/wp-json\/wp\/v2\/media\/739562"}],"wp:attachment":[{"href":"https:\/\/dailynewshungary.com\/it\/wp-json\/wp\/v2\/media?parent=739561"}],"wp:term":[{"taxonomy":"category","embeddable":true,"href":"https:\/\/dailynewshungary.com\/it\/wp-json\/wp\/v2\/categories?post=739561"},{"taxonomy":"post_tag","embeddable":true,"href":"https:\/\/dailynewshungary.com\/it\/wp-json\/wp\/v2\/tags?post=739561"}],"curies":[{"name":"wp","href":"https:\/\/api.w.org\/{rel}","templated":true}]}}