{"id":739563,"date":"2014-01-04T15:00:04","date_gmt":"2014-01-04T14:00:04","guid":{"rendered":"https:\/\/dailynewshungary.com\/it\/ministro-delleconomia-varga-deficit-fiscale-dellungheria-200-miliardi-di-fiorini-in-meno-rispetto-allobiettivo-nel-2013\/"},"modified":"2014-01-04T15:00:04","modified_gmt":"2014-01-04T14:00:04","slug":"ministro-delleconomia-varga-deficit-fiscale-dellungheria-200-miliardi-di-fiorini-in-meno-rispetto-allobiettivo-nel-2013","status":"publish","type":"post","link":"https:\/\/dailynewshungary.com\/it\/ministro-delleconomia-varga-deficit-fiscale-dellungheria-200-miliardi-di-fiorini-in-meno-rispetto-allobiettivo-nel-2013\/","title":{"rendered":"Ministro dell\u2019Economia Varga: deficit fiscale dell\u2019Ungheria 200 miliardi di fiorini in meno rispetto all\u2019obiettivo nel 2013"},"content":{"rendered":"<p><strong>(MTI) L&#8217;Ungheria ha registrato un deficit di bilancio di 929,2 miliardi di fiorini (3,13 miliardi di euro), esclusi i consigli locali, lo scorso anno, circa 200 miliardi di fiorini in meno rispetto a quanto precedentemente previsto, ha detto venerd\u00ec il ministro dell&#8217;Economia Mihaly Varga.<\/strong><\/p>\n<p>Il Parlamento ha aumentato l\u2019obiettivo di deficit di bilancio basato sul flusso di cassa per l\u2019intero anno a 1.125,2 miliardi di fiorini a dicembre.<\/p>\n<p>Il deficit conforme all\u2019UE come percentuale del PIL pu\u00f2 essere al massimo al 2,7% del PIL, ma potrebbe arrivare fino al 2,3%, ha affermato Varga.<\/p>\n<p>Il rapporto non superer\u00e0 l&#8217;obiettivo anche se l&#8217;ufficio statistico dell&#8217;UE Eurostat dichiarasse alcune voci di spesa del 2013 come quelle che aumentano il deficit conforme all&#8217;UE, ha affermato il ministro.<\/p>\n<p>Le voci in questione sono un apporto di capitale di 71 miliardi di fiorini ricevuto in autunno dal bilancio dalla fabbrica statale ungherese di elettricit\u00e0 (MVM) per coprire l&#8217;acquisto delle attivit\u00e0 ungheresi di gas di E.ON e oltre 135 miliardi di fiorini in finanziamenti di bilancio per sostenere l\u2019integrazione delle cooperative di risparmio ungheresi.<\/p>\n<p>L&#8217;adesione dell&#8217;Ungheria all&#8217;ERM2 non \u00e8 all&#8217;ordine del giorno e l&#8217;adesione alla zona euro potrebbe non essere un problema fino alla fine dell&#8217;attuale decennio, ha affermato Varga.<\/p>\n<p>Il ministro ha detto che ci sono una o due banche che potrebbero prendere seriamente in considerazione il ritiro dall&#8217;Ungheria Il sistema bancario ungherese \u00e8 stabile, e il ministero non si aspetta che nessun eventuale ritiro influisca in modo significativo sul bilancio centrale, ha aggiunto.<\/p>\n<p>In un&#8217;intervista prima di Natale, il governatore della banca centrale Gyorgy Matolcsy ha affermato che quattro grandi banche attualmente attive in Ungheria potrebbero concludere le loro operazioni qui entro il prossimo anno e mezzo.<\/p>\n<p>Varga ha affermato che l&#8217;introduzione di un&#8217;imposta sul reddito delle persone fisiche a una cifra potrebbe essere presa seriamente in considerazione nel 2015. sebbene la crescita economica sia iniziata, non sembrano esserci fondi disponibili che possano compensare il deficit di 600 miliardi di fiorini che l&#8217;introduzione di un&#8217;aliquota fiscale del 9% causerebbe in entrate di bilancio, ha affermato.<\/p>\n<p>Il primo ministro Viktor Orban ha dichiarato alla fine di novembre che l&#8217;aliquota dell&#8217;imposta sul reddito delle persone fisiche potrebbe essere ridotta al di sotto del 10% rispetto all&#8217;attuale 16% entro tre anni.<\/p>\n<p>Il fiorino ha iniziato la giornata intorno alle 297,70 e si \u00e8 indebolito sopra le 299 rispetto all&#8217;euro entro le 11,15 prima di rafforzarsi leggermente, probabilmente con l&#8217;annuncio di Varga del deficit favorevole del 2013.<\/p>\n<p>Gli analisti intervistati venerd\u00ec da MTI hanno affermato che i nuovi dati erano favorevoli ma erano contrastanti nelle loro previsioni sulla possibilit\u00e0 di prevedere correzioni di bilancio nel 2014.<\/p>\n<p>Gergely Suppan, analista senior di Takarekbank, ha affermato che un deficit di bilancio del 2,7% previsto da Varga \u00e8 realistico, ma potrebbe arrivare fino al 2,3%, dopo cifre di bilancio positive di ottobre-novembre e surplus di prenotazione dei governi locali. Ha detto che il mercato non aveva ancora prezzato nell&#8217;annuncio di Varga, ma questo pu\u00f2 essere previsto dopo il 6 gennaio, quando verranno prese le prime decisioni di investimento. Suppan ha detto che non si aspettava aggiustamenti di bilancio quest&#8217;anno.<\/p>\n<p>Adam Keszeg, analista della Raiffeisen Bank, ha affermato che mentre i dati recenti danno motivo di ottimismo, c&#8217;\u00e8 qualche rischio che alcune voci siano contabilizzate secondo le norme dell&#8217;UE. Keszeg ha affermato di non escludere aggiustamenti di bilancio durante l&#8217;anno se il bilancio \u201c scivola\u201d, ma non si aspettava che l&#8217;Ungheria fosse nuovamente inserita nella procedura per i disavanzi eccessivi dell&#8217;UE.<\/p>\n<p>Il Partito socialista all&#8217;opposizione ha affermato che il governo Orban ha ottenuto risultati migliori per quanto riguarda il pacchetto di austerit\u00e0, e questo spiega perch\u00e9 il deficit di bilancio dello scorso anno \u00e8 stato inferiore alle aspettative.<\/p>\n<p>Sandor Burany, il deputato del partito, ha dichiarato in una conferenza stampa che il governo ha subordinato tutto al raggiungimento dell&#8217;obiettivo di deficit di bilancio e, sebbene il numero stesso fosse inferiore, ci\u00f2 \u00e8 stato ottenuto a scapito di imporre oneri aggiuntivi alla gente comune.<\/p>\n<p>Ha insistito sul fatto che la crescita economica nel 2013 deve essere vista sullo sfondo di un 2012 particolarmente debole, e qualsiasi crescita \u00e8 in realt\u00e0 dovuta al clima migliore, che ha stimolato la produzione agricola, cos\u00ec come ad altri fattori fuori dal controllo del governo.<\/p>\n<p><em>Foto: kormany.hu<\/em><\/p>\n","protected":false},"excerpt":{"rendered":"<p>(MTI) L&#8217;Ungheria ha registrato un deficit di bilancio di 929,2 miliardi di fiorini (3,13 miliardi di euro), esclusi i consigli locali, lo scorso anno, circa 200 miliardi di fiorini in meno rispetto a quanto precedentemente previsto, ha detto venerd\u00ec il ministro dell&#8217;Economia Mihaly Varga. Il Parlamento ha aumentato l\u2019obiettivo di deficit di bilancio basato sul [&hellip;]<\/p>\n","protected":false},"author":2,"featured_media":739564,"comment_status":"open","ping_status":"open","sticky":false,"template":"","format":"standard","meta":{"_display_image":"","footnotes":""},"categories":[1314],"tags":[1132],"class_list":["post-739563","post","type-post","status-publish","format-standard","has-post-thumbnail","hentry","category-economia-in-ungheria","tag-economia"],"blocksy_meta":[],"author_username":"alk","telegram_post":"","public_post_metadata":{"breaking_news":"","important":"","csempe":"","center_tile":"","disable_thumbnail":"","target_lang":"","_featured_image_style":"","telegram_post":"","_xlat_group_id":""},"public_rank_math_data":{"title":"%titolo% %sep% %nomesito%","description":"","focus_keyword":"","canonical_url":"","robots":"","primary_category":"1314","breadcrumb_title":"","facebook_title":"","facebook_description":"","facebook_image":"","facebook_image_id":"","twitter_title":"","twitter_description":"","twitter_image":"","twitter_image_id":"","twitter_card_type":"","twitter_use_facebook":"","advanced_robots":"","pillar_content":"","seo_score":"","contentai_score":"","rich_snippet":""},"_links":{"self":[{"href":"https:\/\/dailynewshungary.com\/it\/wp-json\/wp\/v2\/posts\/739563","targetHints":{"allow":["GET"]}}],"collection":[{"href":"https:\/\/dailynewshungary.com\/it\/wp-json\/wp\/v2\/posts"}],"about":[{"href":"https:\/\/dailynewshungary.com\/it\/wp-json\/wp\/v2\/types\/post"}],"author":[{"embeddable":true,"href":"https:\/\/dailynewshungary.com\/it\/wp-json\/wp\/v2\/users\/2"}],"replies":[{"embeddable":true,"href":"https:\/\/dailynewshungary.com\/it\/wp-json\/wp\/v2\/comments?post=739563"}],"version-history":[{"count":0,"href":"https:\/\/dailynewshungary.com\/it\/wp-json\/wp\/v2\/posts\/739563\/revisions"}],"wp:featuredmedia":[{"embeddable":true,"href":"https:\/\/dailynewshungary.com\/it\/wp-json\/wp\/v2\/media\/739564"}],"wp:attachment":[{"href":"https:\/\/dailynewshungary.com\/it\/wp-json\/wp\/v2\/media?parent=739563"}],"wp:term":[{"taxonomy":"category","embeddable":true,"href":"https:\/\/dailynewshungary.com\/it\/wp-json\/wp\/v2\/categories?post=739563"},{"taxonomy":"post_tag","embeddable":true,"href":"https:\/\/dailynewshungary.com\/it\/wp-json\/wp\/v2\/tags?post=739563"}],"curies":[{"name":"wp","href":"https:\/\/api.w.org\/{rel}","templated":true}]}}