{"id":739581,"date":"2014-01-02T15:00:27","date_gmt":"2014-01-02T14:00:27","guid":{"rendered":"https:\/\/dailynewshungary.com\/it\/intervista-economia-ministro-leconomia-ungherese-e-sempre-piu-sicura\/"},"modified":"2014-01-02T15:00:27","modified_gmt":"2014-01-02T14:00:27","slug":"intervista-economia-ministro-leconomia-ungherese-e-sempre-piu-sicura","status":"publish","type":"post","link":"https:\/\/dailynewshungary.com\/it\/intervista-economia-ministro-leconomia-ungherese-e-sempre-piu-sicura\/","title":{"rendered":"Intervista (Economia) Ministro: l\u2019economia ungherese \u00e8 sempre pi\u00f9 sicura"},"content":{"rendered":"<p><strong>Budapest, 2 gennaio (MTI) L&#8217;economia ungherese sta diventando sempre pi\u00f9 sicura ora che il governo ha creato le condizioni per l&#8217;equilibrio e la crescita, ha detto in un&#8217;intervista il ministro dell&#8217;Economia Mihaly Varga a MTI.<\/strong><\/p>\n<p>Varga ha detto che non si aspetta che l&#8217;Ungheria manchi il suo obiettivo di deficit di bilancio La sfida pi\u00f9 grande sar\u00e0 quella di prelevare i finanziamenti dell&#8217;Unione Europea, ha aggiunto.<\/p>\n<p>Tra i risultati pi\u00f9 significativi, ha sottolineato la riduzione del debito pubblico, la svolta della crescita, l&#8217;espansione dell&#8217;occupazione e l&#8217;emergere della procedura per i disavanzi eccessivi dell&#8217;UE e il pagamento del prestito del Fondo monetario internazionale dell&#8217;Ungheria.<\/p>\n<p>\u201cTutti questi risultati, pi\u00f9 di ogni altra cosa, sono segnali di sicurezza, che abbiamo ottenuto stabilizzando le finanze statali; e questo dimostra che l&#8217;Ungheria pu\u00f2 finanziare le proprie spese in modo autosufficiente, ha affermato nell&#8217;intervista rilasciata alla fine del 2013. \u201cUltima ma non meno importante, \u00e8 in grado di perseguire una politica economica nuova, indipendente e di successo.\u201d Con tutto ci\u00f2, tra le altre cose, abbiamo assicurato che riceviamo da Bruxelles tutti i finanziamenti che ci spettano, ha aggiunto l&#8217;espansione dei rami produttivi \u00e8 il fondamento della svolta nella crescita e costituisce la base per le aspettative del governo, ha affermato Prendendo in considerazione tendenze positive, la Commissione europea non affatto parziale e gli analisti internazionali hanno tutti migliorato le loro previsioni di crescita ungheresi.<\/p>\n<p>Nell&#8217;intervista, Varga ha affermato che la stabilit\u00e0 di bilancio di \u201cquest&#8217;anno \u00e8 garantita\u201d. \u201cAl momento della preparazione del bilancio ci siamo sforzati di creare contemporaneamente stabilit\u00e0 finanziaria riducendo sostanzialmente gli oneri delle famiglie e delle famiglie, ha affermato. \u201cEntrambi gli obiettivi sono stati pienamente realizzati.\u201d Il sistema di imposta sul reddito forfettaria del 16% e i regimi di mantenimento della famiglia e dei figli hanno lasciato complessivamente 500 miliardi di fiorini (1,7 miliardi di euro) alle famiglie ogni anno dal 2011, ha affermato.<\/p>\n<p>Ha detto che per raggiungere l&#8217;obiettivo di fornire un deficit di bilancio inferiore al 3% del prodotto interno lordo \u00e8 indubbiamente vero che l&#8217;opinione del Consiglio fiscale dovrebbe essere raggiunta. Varga ha detto che dati i dati economici prevalenti ci sono buone possibilit\u00e0 che, nonostante la bassa inflazione, le entrate fiscali non si riducano. \u201cLe riduzioni delle bollette delle famiglie hanno effettivamente moderato l&#8217;inflazione, ma i prezzi bassi non sono dovuti innanzitutto a questo, ma alla forza dell&#8217;economia, al successo della politica fiscale e monetaria e al tasso di cambio stabile del fiorino, ha affermato Varga L&#8217;inflazione moderata crea un ambiente economico pi\u00f9 prevedibile che, a lungo termine, ha un effetto positivo sulle entrate fiscali, ha aggiunto. \u201c Sulla base di dati migliori del previsto, non ci aspettiamo di superare l&#8217;obiettivo del deficit di bilancio, ha detto Varga.<\/p>\n<p>Varga ha affermato che i fondi necessari per coprire l&#8217;integrazione delle cooperative di risparmio sono in atto, aggiungendo che n\u00e9 l&#8217;integrazione pianificata n\u00e9 l&#8217;acquisto da parte del governo delle attivit\u00e0 di gas di E.ON nel 2013 comprometterebbero la capacit\u00e0 dell&#8217;Ungheria di raggiungere il suo obiettivo di deficit In tema di ciclo di allentamento della Banca nazionale, Varga ha affermato che ci\u00f2 ha avuto un impatto positivo sugli investimenti e sui consumi interni attraverso tassi di interesse pi\u00f9 bassi sui prestiti di mercato basati sul fiorino. \u201cDati freschi indicano uno sviluppo dinamico in un&#8217;ampia gamma di aree dell&#8217;economia nazionale durante gli ultimi mesi, ha detto\u201d Varga, aggiungendo che un tasso base pi\u00f9 basso aiuta a ridurre i rendimenti obbligazionari, il che rende il finanziamento del debito statale ungherese pi\u00f9 economico.<\/p>\n<p>Varga ha affermato che il programma di credito per la crescita della banca centrale ha avuto un impatto favorevole sulla crescita economica, soprattutto nel settore agricolo, manifatturiero e commerciale. Ha affermato di confidare che il programma, entrando nella sua seconda fase, eserciter\u00e0 un effetto positivo ancora pi\u00f9 marcato nei prossimi mesi.<\/p>\n<p>Il ministro ha fatto una menzione speciale dell&#8217;aumento dell&#8217;occupazione in Ungheria, che ha raggiunto il massimo degli ultimi 21 anni, ha affermato che ora lavorano 235.000 persone in pi\u00f9 rispetto alla primavera del 2010, e ha insistito sul fatto che 100.000 delle nuove posizioni erano nel settore privato, ha affermato che il tasso di disoccupazione dell&#8217;Ungheria \u00e8 ora inferiore alla media del 10 per cento dell&#8217;Unione europea e che i salari reali sono aumentati del 7 per cento dal 2010, come risultato della bassa inflazione e dei benefici familiari.<\/p>\n<p>Nei prossimi anni, l&#8217;Ungheria dovr\u00e0 concentrarsi sull&#8217;utilizzo di quanti pi\u00f9 finanziamenti UE possibile, ha affermato Varga, aggiungendo che i negoziati del governo a Bruxelles hanno contribuito a manovrare il paese verso una posizione in cui potrebbe essere \u201cuno dei maggiori beneficiari del bilancio UE 2014-2020\u201d Ha affermato che l&#8217;Ungheria \u00e8 seconda tra tutti i membri dell&#8217;UE in termini di fondi comunitari pro capite, e ha aggiunto che il paese deve utilizzare tale potenziale a beneficio della nazione.<\/p>\n<p><em>Foto: kormany.hu<\/em><\/p>\n","protected":false},"excerpt":{"rendered":"<p>Budapest, 2 gennaio (MTI) L&#8217;economia ungherese sta diventando sempre pi\u00f9 sicura ora che il governo ha creato le condizioni per l&#8217;equilibrio e la crescita, ha detto in un&#8217;intervista il ministro dell&#8217;Economia Mihaly Varga a MTI. Varga ha detto che non si aspetta che l&#8217;Ungheria manchi il suo obiettivo di deficit di bilancio La sfida pi\u00f9 [&hellip;]<\/p>\n","protected":false},"author":2,"featured_media":739582,"comment_status":"open","ping_status":"open","sticky":false,"template":"","format":"standard","meta":{"_display_image":"","footnotes":""},"categories":[1314],"tags":[1132],"class_list":["post-739581","post","type-post","status-publish","format-standard","has-post-thumbnail","hentry","category-economia-in-ungheria","tag-economia"],"blocksy_meta":[],"author_username":"alk","telegram_post":"","public_post_metadata":{"breaking_news":"","important":"","csempe":"","center_tile":"","disable_thumbnail":"","target_lang":"","_featured_image_style":"","telegram_post":"","_xlat_group_id":""},"public_rank_math_data":{"title":"%titolo% %sep% %nomesito%","description":"","focus_keyword":"","canonical_url":"","robots":"","primary_category":"1314","breadcrumb_title":"","facebook_title":"","facebook_description":"","facebook_image":"","facebook_image_id":"","twitter_title":"","twitter_description":"","twitter_image":"","twitter_image_id":"","twitter_card_type":"","twitter_use_facebook":"","advanced_robots":"","pillar_content":"","seo_score":"","contentai_score":"","rich_snippet":""},"_links":{"self":[{"href":"https:\/\/dailynewshungary.com\/it\/wp-json\/wp\/v2\/posts\/739581","targetHints":{"allow":["GET"]}}],"collection":[{"href":"https:\/\/dailynewshungary.com\/it\/wp-json\/wp\/v2\/posts"}],"about":[{"href":"https:\/\/dailynewshungary.com\/it\/wp-json\/wp\/v2\/types\/post"}],"author":[{"embeddable":true,"href":"https:\/\/dailynewshungary.com\/it\/wp-json\/wp\/v2\/users\/2"}],"replies":[{"embeddable":true,"href":"https:\/\/dailynewshungary.com\/it\/wp-json\/wp\/v2\/comments?post=739581"}],"version-history":[{"count":0,"href":"https:\/\/dailynewshungary.com\/it\/wp-json\/wp\/v2\/posts\/739581\/revisions"}],"wp:featuredmedia":[{"embeddable":true,"href":"https:\/\/dailynewshungary.com\/it\/wp-json\/wp\/v2\/media\/739582"}],"wp:attachment":[{"href":"https:\/\/dailynewshungary.com\/it\/wp-json\/wp\/v2\/media?parent=739581"}],"wp:term":[{"taxonomy":"category","embeddable":true,"href":"https:\/\/dailynewshungary.com\/it\/wp-json\/wp\/v2\/categories?post=739581"},{"taxonomy":"post_tag","embeddable":true,"href":"https:\/\/dailynewshungary.com\/it\/wp-json\/wp\/v2\/tags?post=739581"}],"curies":[{"name":"wp","href":"https:\/\/api.w.org\/{rel}","templated":true}]}}