{"id":739611,"date":"2013-12-30T09:00:09","date_gmt":"2013-12-30T08:00:09","guid":{"rendered":"https:\/\/dailynewshungary.com\/it\/il-settore-retail-si-rivolge-alla-crescita-nel-2013-afferma-il-responsabile-della-federazione\/"},"modified":"2013-12-30T09:00:09","modified_gmt":"2013-12-30T08:00:09","slug":"il-settore-retail-si-rivolge-alla-crescita-nel-2013-afferma-il-responsabile-della-federazione","status":"publish","type":"post","link":"https:\/\/dailynewshungary.com\/it\/il-settore-retail-si-rivolge-alla-crescita-nel-2013-afferma-il-responsabile-della-federazione\/","title":{"rendered":"Il settore retail si rivolge alla crescita nel 2013, afferma il responsabile della federazione"},"content":{"rendered":"<p><strong>(MTI) Il 2013 ha portato a un&#8217;inversione di tendenza nel settore della vendita al dettaglio e a una crescita modesta, ha detto domenica il capo della National Retail Federation Gyorgy Vamos.<\/strong><\/p>\n<p>Vamos ha dichiarato a MTI che la maggior parte dei rivenditori prevede di chiudere l&#8217;anno con risultati migliori rispetto allo scorso anno Una tendenza di recessione \u00e8 iniziata nel settore con la crisi economica nel 2008 e questa si \u00e8 arrestata solo nel 2011, che si \u00e8 stabilizzata.<\/p>\n<p>Lo scorso dicembre, che \u00e8 stato il mese pi\u00f9 forte nel settore del commercio al dettaglio durante l&#8217;anno, la spesa totale \u00e8 stata di 832 miliardi di fiorini (2,8 miliardi di euro) Quest&#8217;anno, la spesa al dettaglio \u00e8 stimata a 860-870 miliardi di fiorini a dicembre, ha detto Vamos.<\/p>\n<p>La bassa inflazione \u00e8 generalmente favorevole per il commercio al dettaglio e l\u2019inflazione dei prezzi alimentari ha rallentato rispetto allo scorso anno, ha affermato Vamos. Tuttavia, gli ungheresi considerano ancora il livello dei prezzi dei prodotti alimentari troppo alto, ha aggiunto.<\/p>\n<p>Il piano per tagliare le bollette delle famiglie e il calo dei prezzi del carburante hanno portato a risparmi per le famiglie, parte dei quali si sono rivolti alla spesa nelle strade principali, ha detto Vamos.<\/p>\n<p>Il sistema dei servizi pubblici, la bassa inflazione e l&#8217;aumento dei salari reali hanno colpito anche i lavoratori a basso reddito, in parte grazie alle pensioni pi\u00f9 elevate e all&#8217;aumento dei salari minimi, che ha avuto un effetto importante sui consumi, ha affermato.<\/p>\n<p>Non \u00e8 previsto un rapido aumento l&#8217;anno prossimo nel settore del commercio al dettaglio, ma se la crescita si rivela sostenibile, allora gli anni 2013 e 2014 probabilmente porteranno un reale cambiamento nelle tendenze, ha aggiunto.<\/p>\n<p><em>Foto:&nbsp;<a href=\"http:\/\/www.piacesprofit.hu\/kkv_cegblog\/nyogvenyelos_beremeles\/\" data-ved=\"0CAQQjB0\" target=\"_blank\" rel=\"noopener\">www.piacesprofit.hu<\/a><\/em><\/p>\n","protected":false},"excerpt":{"rendered":"<p>(MTI) Il 2013 ha portato a un&#8217;inversione di tendenza nel settore della vendita al dettaglio e a una crescita modesta, ha detto domenica il capo della National Retail Federation Gyorgy Vamos. Vamos ha dichiarato a MTI che la maggior parte dei rivenditori prevede di chiudere l&#8217;anno con risultati migliori rispetto allo scorso anno Una tendenza [&hellip;]<\/p>\n","protected":false},"author":2,"featured_media":739612,"comment_status":"open","ping_status":"open","sticky":false,"template":"","format":"standard","meta":{"_display_image":"","footnotes":""},"categories":[1314],"tags":[1309,1132],"class_list":["post-739611","post","type-post","status-publish","format-standard","has-post-thumbnail","hentry","category-economia-in-ungheria","tag-denaro","tag-economia"],"blocksy_meta":[],"author_username":"alk","telegram_post":"","public_post_metadata":{"breaking_news":"","important":"","csempe":"","center_tile":"","disable_thumbnail":"","target_lang":"","_featured_image_style":"","telegram_post":"","_xlat_group_id":""},"public_rank_math_data":{"title":"%titolo% %sep% %nomesito%","description":"","focus_keyword":"","canonical_url":"","robots":"","primary_category":"1314","breadcrumb_title":"","facebook_title":"","facebook_description":"","facebook_image":"","facebook_image_id":"","twitter_title":"","twitter_description":"","twitter_image":"","twitter_image_id":"","twitter_card_type":"","twitter_use_facebook":"","advanced_robots":"","pillar_content":"","seo_score":"","contentai_score":"","rich_snippet":""},"_links":{"self":[{"href":"https:\/\/dailynewshungary.com\/it\/wp-json\/wp\/v2\/posts\/739611","targetHints":{"allow":["GET"]}}],"collection":[{"href":"https:\/\/dailynewshungary.com\/it\/wp-json\/wp\/v2\/posts"}],"about":[{"href":"https:\/\/dailynewshungary.com\/it\/wp-json\/wp\/v2\/types\/post"}],"author":[{"embeddable":true,"href":"https:\/\/dailynewshungary.com\/it\/wp-json\/wp\/v2\/users\/2"}],"replies":[{"embeddable":true,"href":"https:\/\/dailynewshungary.com\/it\/wp-json\/wp\/v2\/comments?post=739611"}],"version-history":[{"count":0,"href":"https:\/\/dailynewshungary.com\/it\/wp-json\/wp\/v2\/posts\/739611\/revisions"}],"wp:featuredmedia":[{"embeddable":true,"href":"https:\/\/dailynewshungary.com\/it\/wp-json\/wp\/v2\/media\/739612"}],"wp:attachment":[{"href":"https:\/\/dailynewshungary.com\/it\/wp-json\/wp\/v2\/media?parent=739611"}],"wp:term":[{"taxonomy":"category","embeddable":true,"href":"https:\/\/dailynewshungary.com\/it\/wp-json\/wp\/v2\/categories?post=739611"},{"taxonomy":"post_tag","embeddable":true,"href":"https:\/\/dailynewshungary.com\/it\/wp-json\/wp\/v2\/tags?post=739611"}],"curies":[{"name":"wp","href":"https:\/\/api.w.org\/{rel}","templated":true}]}}