{"id":739615,"date":"2013-12-29T15:00:30","date_gmt":"2013-12-29T14:00:30","guid":{"rendered":"https:\/\/dailynewshungary.com\/it\/jobbik-politica-economia-troppo-intrecciata-in-ungheria\/"},"modified":"2013-12-29T15:00:30","modified_gmt":"2013-12-29T14:00:30","slug":"jobbik-politica-economia-troppo-intrecciata-in-ungheria","status":"publish","type":"post","link":"https:\/\/dailynewshungary.com\/it\/jobbik-politica-economia-troppo-intrecciata-in-ungheria\/","title":{"rendered":"Jobbik: Politica, economia troppo intrecciata in Ungheria"},"content":{"rendered":"<p><strong>(MTI) [it] Il livello a cui si intrecciano politica ed economia in Ungheria \u00e8 inaccettabile in una democrazia; Fidesz ha esteso la sua influenza in ogni angolo dell&#8217;economia, ha detto sabato il vice capogruppo del partito nazionalista radicale Jobbik.<\/strong><\/p>\n<p>Fidesz ha creato una macchina di propaganda e una clientela economica entro l&#8217;ultimo anno del suo governo mentre quasi 4 milioni di persone vivono al livello minimo di sussistenza nel paese, ha detto Marton Gyongyosi in una conferenza stampa tenutasi vicino alla sede di Fidesz a Budapest.<\/p>\n<p>Gyongyosi ha detto, quattro delle sette regioni ufficiali dell&#8217;Ungheria sono tra le 20 regioni pi\u00f9 povere d&#8217;Europa e che la propaganda sul successo \u00e8 lontana dalla realt\u00e0 Mentre la campagna di Fidesz si basa sulla crescita economica, in realt\u00e0 solo le aziende multinazionali e l&#8217;industria automobilistica di propriet\u00e0 straniera portano la produzione, che non aiuta l&#8217;economia nazionale, ha aggiunto.<\/p>\n<p>Gli unici che possono parlare di successo in questo paese sono le aziende vicine a Fidesz, ha detto Gyongyosi, riferendosi al fatto che il giorno di Natale K\u00f6zg\u00e9p, una societ\u00e0 di propriet\u00e0 del miliardario sponsor di Fidesz Lajos Simicska ha vinto cinque gare d&#8217;appalto pubbliche per un valore complessivo di 27 miliardi di fiorini (circa 90 milioni di euro) per il trattamento di materiali radioattivi e di rifiuti solidi in varie parti del paese.<\/p>\n<p><em>Foto: jobbik.hu<\/em><\/p>\n","protected":false},"excerpt":{"rendered":"<p>(MTI) [it] Il livello a cui si intrecciano politica ed economia in Ungheria \u00e8 inaccettabile in una democrazia; Fidesz ha esteso la sua influenza in ogni angolo dell&#8217;economia, ha detto sabato il vice capogruppo del partito nazionalista radicale Jobbik. Fidesz ha creato una macchina di propaganda e una clientela economica entro l&#8217;ultimo anno del suo [&hellip;]<\/p>\n","protected":false},"author":2,"featured_media":739616,"comment_status":"open","ping_status":"open","sticky":false,"template":"","format":"standard","meta":{"_display_image":"","footnotes":""},"categories":[1185],"tags":[1412],"class_list":["post-739615","post","type-post","status-publish","format-standard","has-post-thumbnail","hentry","category-politica-in-ungheria","tag-jobbik"],"blocksy_meta":[],"author_username":"alk","telegram_post":"","public_post_metadata":{"breaking_news":"","important":"","csempe":"","center_tile":"","disable_thumbnail":"","target_lang":"","_featured_image_style":"","telegram_post":"","_xlat_group_id":""},"public_rank_math_data":{"title":"%titolo% %sep% %nomesito%","description":"","focus_keyword":"","canonical_url":"","robots":"","primary_category":"1185","breadcrumb_title":"","facebook_title":"","facebook_description":"","facebook_image":"","facebook_image_id":"","twitter_title":"","twitter_description":"","twitter_image":"","twitter_image_id":"","twitter_card_type":"","twitter_use_facebook":"","advanced_robots":"","pillar_content":"","seo_score":"","contentai_score":"","rich_snippet":""},"_links":{"self":[{"href":"https:\/\/dailynewshungary.com\/it\/wp-json\/wp\/v2\/posts\/739615","targetHints":{"allow":["GET"]}}],"collection":[{"href":"https:\/\/dailynewshungary.com\/it\/wp-json\/wp\/v2\/posts"}],"about":[{"href":"https:\/\/dailynewshungary.com\/it\/wp-json\/wp\/v2\/types\/post"}],"author":[{"embeddable":true,"href":"https:\/\/dailynewshungary.com\/it\/wp-json\/wp\/v2\/users\/2"}],"replies":[{"embeddable":true,"href":"https:\/\/dailynewshungary.com\/it\/wp-json\/wp\/v2\/comments?post=739615"}],"version-history":[{"count":0,"href":"https:\/\/dailynewshungary.com\/it\/wp-json\/wp\/v2\/posts\/739615\/revisions"}],"wp:featuredmedia":[{"embeddable":true,"href":"https:\/\/dailynewshungary.com\/it\/wp-json\/wp\/v2\/media\/739616"}],"wp:attachment":[{"href":"https:\/\/dailynewshungary.com\/it\/wp-json\/wp\/v2\/media?parent=739615"}],"wp:term":[{"taxonomy":"category","embeddable":true,"href":"https:\/\/dailynewshungary.com\/it\/wp-json\/wp\/v2\/categories?post=739615"},{"taxonomy":"post_tag","embeddable":true,"href":"https:\/\/dailynewshungary.com\/it\/wp-json\/wp\/v2\/tags?post=739615"}],"curies":[{"name":"wp","href":"https:\/\/api.w.org\/{rel}","templated":true}]}}