{"id":739703,"date":"2013-12-19T13:00:48","date_gmt":"2013-12-19T12:00:48","guid":{"rendered":"https:\/\/dailynewshungary.com\/it\/la-turchia-elimina-lobbligo-del-visto-per-lungheria\/"},"modified":"2013-12-19T13:00:48","modified_gmt":"2013-12-19T12:00:48","slug":"la-turchia-elimina-lobbligo-del-visto-per-lungheria","status":"publish","type":"post","link":"https:\/\/dailynewshungary.com\/it\/la-turchia-elimina-lobbligo-del-visto-per-lungheria\/","title":{"rendered":"La Turchia elimina l\u2019obbligo del visto per l\u2019Ungheria"},"content":{"rendered":"<p><strong>(MTI) La Turchia eliminer\u00e0 l&#8217;obbligo del visto per gli ungheresi, ha detto Recep Tayyip Erdogan, il primo ministro turco, dopo i colloqui con il primo ministro ungherese Viktor Orban ad Ankara mercoled\u00ec.<\/strong><\/p>\n<p>Orban ha espresso i suoi ringraziamenti per la mossa e ha detto che, sebbene l&#8217;Ungheria debba rispettare le regole sui visti Schengen, ha concesso i maggiori benefici possibili alla Turchia entro tali limiti, vale a dire che ha reso pi\u00f9 facile per uomini d&#8217;affari, sportivi e attori ottenere i visti L&#8217;Ungheria ha il miglior regime di visti per la Turchia tra tutti gli stati dell&#8217;Unione Europea, ha detto Orban.<\/p>\n<p>Ha aggiunto che l&#8217;Ungheria sostiene l&#8217;integrazione della Turchia nell&#8217;UE e sostiene l&#8217;idea che la Turchia dovrebbe avere accesso senza visto anche prima dell&#8217;adesione all&#8217;UE come riconoscimento dei suoi risultati economici, ha aggiunto che l&#8217;integrazione della Turchia \u00e8 anche nel massimo interesse dell&#8217;UE in quanto non \u00e8 possibile invertire le attuali tendenze economiche nell&#8217;UE senza un ulteriore allargamento e la \u201caccetta\u201d dell&#8217;economia della Turchia \u00e8 diventata una grande potenza economica, ha affermato.<\/p>\n<p>Erdogan ha detto che il commercio annuale tra Ungheria e Turchia ammonta attualmente a 2 miliardi di dollari, e sono in corso piani per aumentare questo numero a 5 miliardi entro il 2020. ha detto che all&#8217;ordine del giorno c&#8217;\u00e8 anche la diversificazione e l&#8217;espansione dei legami economici. Erdogan ha ringraziato l&#8217;Ungheria per il suo sostegno all&#8217;adesione della Turchia all&#8217;UE.<\/p>\n<p><a href=\"https:\/\/dailynewshungary.com\/wp-content\/uploads\/2013\/12\/orban-ankara-2.jpg\" data-pswp-width=\"\" data-pswp-height=\"\" data-cropped=\"true\"><img loading=\"lazy\" decoding=\"async\" class=\"alignleft\" alt=\"orban-ankara-2\" src=\"https:\/\/dailynewshungary.com\/wp-content\/uploads\/2013\/12\/orban-ankara-2-300x192.jpg\" width=\"300\" height=\"192\"><\/a>Il primo ministro turco ha sottolineato che i paesi del gruppo dei Quattro di Visegrad (Repubblica ceca, Ungheria, Polonia, Slovacchia) potrebbero diventare alcuni dei partner pi\u00f9 importanti della Turchia.<\/p>\n<p>Prima della conferenza stampa i membri dei rispettivi governi di Ungheria e Turchia hanno formato il consiglio di cooperazione strategica ungherese-turco I primi ministri hanno firmato dichiarazioni sulla costituzione del consiglio, che secondo Erdogan potrebbe elevare le relazioni a un ordine superiore, Diversi altri accordi sono stati firmati a margine.<\/p>\n<p>Orban ha incontrato durante la giornata Abdullah Gul, il presidente turco, e il presidente del Parlamento Cemil Cicek.<\/p>\n<p>In precedenza si \u00e8 rivolto a un forum imprenditoriale ungherese-turco, dove ha sottolineato che le relazioni ungherese-turche hanno radici forti, risalenti a diversi decenni fa, oltre a un futuro promettente.<\/p>\n<p>Il primo ministro ha incoraggiato gli uomini d\u2019affari turchi a commerciare e investire in Ungheria e a promuovere l\u2019amicizia tradizionale tra i due paesi.<\/p>\n<p>Rivolgendosi a oltre 200 uomini d&#8217;affari turchi e ungheresi, Orban ha affermato che dal punto di vista geografico l&#8217;Ungheria svolge un ruolo chiave nel commercio est-ovest e fa parte dell&#8217;Europa centrale, una regione che diventer\u00e0 il motore della crescita dell&#8217;economia europea.<\/p>\n<p>Prima del forum Orban ha deposto una corona accanto al memoriale di Mustafa Kemal Ataturk, fondatore della Repubblica di Turchia.<\/p>\n<p>Orban ha iniziato il suo programma a Istanbul, dove si \u00e8 rivolto al pubblico dell&#8217;Universit\u00e0 di Marmara in occasione del dottorato onorario dell&#8217;universit\u00e0 per i suoi successi politici.<\/p>\n<p><em>Foto: MTI\/Ufficio del Primo Ministro-Barna Burger<\/em><\/p>\n<p>&nbsp;<\/p>\n","protected":false},"excerpt":{"rendered":"<p>(MTI) La Turchia eliminer\u00e0 l&#8217;obbligo del visto per gli ungheresi, ha detto Recep Tayyip Erdogan, il primo ministro turco, dopo i colloqui con il primo ministro ungherese Viktor Orban ad Ankara mercoled\u00ec. Orban ha espresso i suoi ringraziamenti per la mossa e ha detto che, sebbene l&#8217;Ungheria debba rispettare le regole sui visti Schengen, ha [&hellip;]<\/p>\n","protected":false},"author":2,"featured_media":739704,"comment_status":"open","ping_status":"open","sticky":false,"template":"","format":"standard","meta":{"_display_image":"","footnotes":""},"categories":[1185],"tags":[1086],"class_list":["post-739703","post","type-post","status-publish","format-standard","has-post-thumbnail","hentry","category-politica-in-ungheria","tag-turchia"],"blocksy_meta":[],"author_username":"alk","telegram_post":"","public_post_metadata":{"breaking_news":"","important":"","csempe":"","center_tile":"","disable_thumbnail":"","target_lang":"","_featured_image_style":"","telegram_post":"","_xlat_group_id":""},"public_rank_math_data":{"title":"%titolo% %sep% %nomesito%","description":"","focus_keyword":"","canonical_url":"","robots":"","primary_category":"1185","breadcrumb_title":"","facebook_title":"","facebook_description":"","facebook_image":"","facebook_image_id":"","twitter_title":"","twitter_description":"","twitter_image":"","twitter_image_id":"","twitter_card_type":"","twitter_use_facebook":"","advanced_robots":"","pillar_content":"","seo_score":"","contentai_score":"","rich_snippet":""},"_links":{"self":[{"href":"https:\/\/dailynewshungary.com\/it\/wp-json\/wp\/v2\/posts\/739703","targetHints":{"allow":["GET"]}}],"collection":[{"href":"https:\/\/dailynewshungary.com\/it\/wp-json\/wp\/v2\/posts"}],"about":[{"href":"https:\/\/dailynewshungary.com\/it\/wp-json\/wp\/v2\/types\/post"}],"author":[{"embeddable":true,"href":"https:\/\/dailynewshungary.com\/it\/wp-json\/wp\/v2\/users\/2"}],"replies":[{"embeddable":true,"href":"https:\/\/dailynewshungary.com\/it\/wp-json\/wp\/v2\/comments?post=739703"}],"version-history":[{"count":0,"href":"https:\/\/dailynewshungary.com\/it\/wp-json\/wp\/v2\/posts\/739703\/revisions"}],"wp:featuredmedia":[{"embeddable":true,"href":"https:\/\/dailynewshungary.com\/it\/wp-json\/wp\/v2\/media\/739704"}],"wp:attachment":[{"href":"https:\/\/dailynewshungary.com\/it\/wp-json\/wp\/v2\/media?parent=739703"}],"wp:term":[{"taxonomy":"category","embeddable":true,"href":"https:\/\/dailynewshungary.com\/it\/wp-json\/wp\/v2\/categories?post=739703"},{"taxonomy":"post_tag","embeddable":true,"href":"https:\/\/dailynewshungary.com\/it\/wp-json\/wp\/v2\/tags?post=739703"}],"curies":[{"name":"wp","href":"https:\/\/api.w.org\/{rel}","templated":true}]}}