{"id":739861,"date":"2013-12-05T15:03:38","date_gmt":"2013-12-05T14:03:38","guid":{"rendered":"https:\/\/dailynewshungary.com\/it\/gli-amati-tram-natalizi-iniziano-il-6-dicembre\/"},"modified":"2013-12-05T15:03:38","modified_gmt":"2013-12-05T14:03:38","slug":"gli-amati-tram-natalizi-iniziano-il-6-dicembre","status":"publish","type":"post","link":"https:\/\/dailynewshungary.com\/it\/gli-amati-tram-natalizi-iniziano-il-6-dicembre\/","title":{"rendered":"Gli amati tram natalizi iniziano il 6 dicembre"},"content":{"rendered":"<p><strong>Gli amatissimi tram leggeri (o tram natalizi) iniziano domani e saranno disponibili al prezzo di un semplice biglietto singolo!<\/strong><\/p>\n<p><strong>Orario:<\/strong><br \/>\n19 settimane (lato Buda, stazione ferroviaria di Batthy\u00e1ny t\u00e9r)<br \/>\n6, 7, 9, 10, 11, 12, 13, 16, 17, 18, 19, 20, 21, 23, 30 dicembre, 2, 3, 6 gennaio<br \/>\nDa Batthy\u00e1ny t\u00e9r 16:10, 17:10, 18:10, 19:05, 20:06, 21:06, 22:06<br \/>\nDalla stazione ferroviaria di Kelenf\u00f6ld 15:43, 16:35, 17:38, 18:35, 19:36, 20:35, 21:35<\/p>\n<p>2 Settimana e vacanze pi\u00f9 belle del mondo sulla corsia 2 (Pest side, Kossuth t\u00e9r\u00f3h\u00f3 K\u00f6zv\u00e1\u00ed, una delle pi\u00f9 belle linee tranviarie del mondo, dal Parlamento al Teatro Nazionale lungo gli imbarchi del Danubio<br \/>\n8, 14, 15, 22, 25, 26, 27, 28, 29 dicembre, 1, 4, 5 gennaio<br \/>\nDa Kossuth t\u00e9r 16:20, 17:05, 17:50. 18:35, 19:20, 20:05, 20:50<br \/>\nDa K\u00f6zv\u00e1g\u00f3h\u00edd 16:00, 16:45, 17:30, 18:15, 19:00, 19:45, 20:30<\/p>\n<p><em>Foto: bkk.hu<\/em><\/p>\n","protected":false},"excerpt":{"rendered":"<p>Gli amatissimi tram leggeri (o tram natalizi) iniziano domani e saranno disponibili al prezzo di un semplice biglietto singolo! Orario: 19 settimane (lato Buda, stazione ferroviaria di Batthy\u00e1ny t\u00e9r) 6, 7, 9, 10, 11, 12, 13, 16, 17, 18, 19, 20, 21, 23, 30 dicembre, 2, 3, 6 gennaio Da Batthy\u00e1ny t\u00e9r 16:10, 17:10, 18:10, [&hellip;]<\/p>\n","protected":false},"author":2,"featured_media":739862,"comment_status":"open","ping_status":"open","sticky":false,"template":"","format":"standard","meta":{"_display_image":"","footnotes":""},"categories":[1304],"tags":[1158,1307],"class_list":["post-739861","post","type-post","status-publish","format-standard","has-post-thumbnail","hentry","category-cultura-in-ungheria","tag-budapest","tag-evento"],"blocksy_meta":[],"author_username":"alk","telegram_post":"","public_post_metadata":{"breaking_news":"","important":"","csempe":"","center_tile":"","disable_thumbnail":"","target_lang":"","_featured_image_style":"","telegram_post":"","_xlat_group_id":""},"public_rank_math_data":{"title":"%titolo% %sep% %nomesito%","description":"","focus_keyword":"","canonical_url":"","robots":"","primary_category":"1304","breadcrumb_title":"","facebook_title":"","facebook_description":"","facebook_image":"","facebook_image_id":"","twitter_title":"","twitter_description":"","twitter_image":"","twitter_image_id":"","twitter_card_type":"","twitter_use_facebook":"","advanced_robots":"","pillar_content":"","seo_score":"","contentai_score":"","rich_snippet":""},"_links":{"self":[{"href":"https:\/\/dailynewshungary.com\/it\/wp-json\/wp\/v2\/posts\/739861","targetHints":{"allow":["GET"]}}],"collection":[{"href":"https:\/\/dailynewshungary.com\/it\/wp-json\/wp\/v2\/posts"}],"about":[{"href":"https:\/\/dailynewshungary.com\/it\/wp-json\/wp\/v2\/types\/post"}],"author":[{"embeddable":true,"href":"https:\/\/dailynewshungary.com\/it\/wp-json\/wp\/v2\/users\/2"}],"replies":[{"embeddable":true,"href":"https:\/\/dailynewshungary.com\/it\/wp-json\/wp\/v2\/comments?post=739861"}],"version-history":[{"count":0,"href":"https:\/\/dailynewshungary.com\/it\/wp-json\/wp\/v2\/posts\/739861\/revisions"}],"wp:featuredmedia":[{"embeddable":true,"href":"https:\/\/dailynewshungary.com\/it\/wp-json\/wp\/v2\/media\/739862"}],"wp:attachment":[{"href":"https:\/\/dailynewshungary.com\/it\/wp-json\/wp\/v2\/media?parent=739861"}],"wp:term":[{"taxonomy":"category","embeddable":true,"href":"https:\/\/dailynewshungary.com\/it\/wp-json\/wp\/v2\/categories?post=739861"},{"taxonomy":"post_tag","embeddable":true,"href":"https:\/\/dailynewshungary.com\/it\/wp-json\/wp\/v2\/tags?post=739861"}],"curies":[{"name":"wp","href":"https:\/\/api.w.org\/{rel}","templated":true}]}}