{"id":739883,"date":"2013-12-03T18:16:06","date_gmt":"2013-12-03T17:16:06","guid":{"rendered":"https:\/\/dailynewshungary.com\/it\/cepc-budapest-conferenza-di-budapest-in-inglese-5-6-dicembre\/"},"modified":"2013-12-03T18:16:06","modified_gmt":"2013-12-03T17:16:06","slug":"cepc-budapest-conferenza-di-budapest-in-inglese-5-6-dicembre","status":"publish","type":"post","link":"https:\/\/dailynewshungary.com\/it\/cepc-budapest-conferenza-di-budapest-in-inglese-5-6-dicembre\/","title":{"rendered":"CEPC, Budapest: Conferenza di Budapest in inglese (5-6 dicembre)"},"content":{"rendered":"<p><strong>Il Centro politico dell\u2019Europa centrale (CEPC) \u00e8 un istituto di ricerca politica e di analisi con sede a Budapest impegnato nell\u2019idea dell\u2019Europa centrale. Il suo scopo \u00e8 presentare un quadro autentico delle questioni della regione e aiutare i suoi popoli a conoscersi meglio a vicenda per trasformare il loro passato comune in un futuro competitivo.<\/strong><\/p>\n<p><strong>Giorno 1,<br \/>\n5 dicembre 2013, K\u00e1rolyi-Csekonics Rezidencia (<strong>1088 Budapest, M\u00fazeum u. 17.<\/strong>)<br \/>\n<\/strong><\/p>\n<p>9.00 | 10.00 | Registrazione<\/p>\n<p>10.00 | 12.00 | Discorsi principali<br \/>\n<em>-Rastislav K\u00e1\u010der, ambasciatore della Slovacchia in Ungheria<\/em><br \/>\n<em>-Oszk\u00e1r F\u00fczes, Ministero degli Affari Esteri, Ungheria<\/em><br \/>\n<em>-Andrea Simon, vicedirettore del British Council<\/em><br \/>\n<em>conduttore: M\u00e1rk Szab\u00f3, Centro politico dell&#8217;Europa centrale<\/em><\/p>\n<p>12.00 | 13.00 | Pausa pranzo<\/p>\n<p>13.00 14.00 | Aiutanti di campo della diplomazia?<br \/>\n<em>-P\u00e1l Hatos, Direttore, Istituto Balassi<\/em><br \/>\n<em>-Katarzyna Sitko, Direttore, Istituto Polacco, Budapest<\/em><br \/>\n<em>-Gabriela Matei, Direttore, Istituto Culturale Rumeno, Budapest<\/em><br \/>\n<em>conduttore: M\u00e1rton Baranyi, Centro politico dell&#8217;Europa centrale<\/em><\/p>\n<p>14.00 | Pausa caff\u00e8 14.30<\/p>\n<p>14.30 | Creativit\u00e0 in azione<br \/>\n<em>-Gergely B\u00f6sz\u00f6rm\u00e9nyi-Nagy, Direttore strategico, Design Termin\u00e1l<\/em><br \/>\n<em>-Jan Odzgan, socio, riavvio<\/em><br \/>\n<em>-Katarina Jagic, direttrice del sindacato croato delle piccole imprese<\/em><br \/>\n<em>conduttore: M\u00e1rton Baranyi, Centro politico dell&#8217;Europa centrale<\/em><\/p>\n<p><strong>Giorno 2,<br \/>\n6 dicembre 2013, Museo della Casa del Terrore<\/strong><\/p>\n<p>10.00 | 12.00 | Storia o storia? Una memoria e un&#8217;identit\u00e0 comuni per il 21\u00b0 secolo<br \/>\n<em>-M\u00e1ria Schmidt, Direttore generale, Museo della Casa del Terrore, Budapest<\/em><br \/>\n<em>-Pawe\u0142 Ukielski, vicedirettore, Museo della Rivolta di Varsavia<\/em><br \/>\n<em>-Gunorrs Navels, vicedirettore, Museo dell&#8217;occupazione della Lettonia 1940-1991<\/em><br \/>\n<em>-G\u00f6ran Lindblad, Presidente, Piattaforma della Memoria e della Coscienza Europea<\/em><br \/>\n<em>-Bo\u0161tjan Kolari\u010d, Consigliere, Centro Studi per la Riconciliazione Nazionale, Lubiana<\/em><br \/>\n<em>conduttore: M\u00e1rton Baranyi, Centro politico dell&#8217;Europa centrale<\/em><\/p>\n<p><em>Foto: <a href=\"https:\/\/www.facebook.com\/karolyi.csekonics.rezidencia\" target=\"_blank\" rel=\"noopener\">https:\/\/www.facebook.com\/karolyi.csekonics.rezidencia<\/a><\/em><\/p>\n","protected":false},"excerpt":{"rendered":"<p>Il Centro politico dell\u2019Europa centrale (CEPC) \u00e8 un istituto di ricerca politica e di analisi con sede a Budapest impegnato nell\u2019idea dell\u2019Europa centrale. Il suo scopo \u00e8 presentare un quadro autentico delle questioni della regione e aiutare i suoi popoli a conoscersi meglio a vicenda per trasformare il loro passato comune in un futuro competitivo. [&hellip;]<\/p>\n","protected":false},"author":2,"featured_media":739884,"comment_status":"open","ping_status":"open","sticky":false,"template":"","format":"standard","meta":{"_display_image":"","footnotes":""},"categories":[1185],"tags":[1307],"class_list":["post-739883","post","type-post","status-publish","format-standard","has-post-thumbnail","hentry","category-politica-in-ungheria","tag-evento"],"blocksy_meta":[],"author_username":"alk","telegram_post":"","public_post_metadata":{"breaking_news":"","important":"","csempe":"","center_tile":"","disable_thumbnail":"","target_lang":"","_featured_image_style":"","telegram_post":"","_xlat_group_id":""},"public_rank_math_data":{"title":"%titolo% %sep% %nomesito%","description":"","focus_keyword":"","canonical_url":"","robots":"","primary_category":"1185","breadcrumb_title":"","facebook_title":"","facebook_description":"","facebook_image":"","facebook_image_id":"","twitter_title":"","twitter_description":"","twitter_image":"","twitter_image_id":"","twitter_card_type":"","twitter_use_facebook":"","advanced_robots":"","pillar_content":"","seo_score":"","contentai_score":"","rich_snippet":""},"_links":{"self":[{"href":"https:\/\/dailynewshungary.com\/it\/wp-json\/wp\/v2\/posts\/739883","targetHints":{"allow":["GET"]}}],"collection":[{"href":"https:\/\/dailynewshungary.com\/it\/wp-json\/wp\/v2\/posts"}],"about":[{"href":"https:\/\/dailynewshungary.com\/it\/wp-json\/wp\/v2\/types\/post"}],"author":[{"embeddable":true,"href":"https:\/\/dailynewshungary.com\/it\/wp-json\/wp\/v2\/users\/2"}],"replies":[{"embeddable":true,"href":"https:\/\/dailynewshungary.com\/it\/wp-json\/wp\/v2\/comments?post=739883"}],"version-history":[{"count":0,"href":"https:\/\/dailynewshungary.com\/it\/wp-json\/wp\/v2\/posts\/739883\/revisions"}],"wp:featuredmedia":[{"embeddable":true,"href":"https:\/\/dailynewshungary.com\/it\/wp-json\/wp\/v2\/media\/739884"}],"wp:attachment":[{"href":"https:\/\/dailynewshungary.com\/it\/wp-json\/wp\/v2\/media?parent=739883"}],"wp:term":[{"taxonomy":"category","embeddable":true,"href":"https:\/\/dailynewshungary.com\/it\/wp-json\/wp\/v2\/categories?post=739883"},{"taxonomy":"post_tag","embeddable":true,"href":"https:\/\/dailynewshungary.com\/it\/wp-json\/wp\/v2\/tags?post=739883"}],"curies":[{"name":"wp","href":"https:\/\/api.w.org\/{rel}","templated":true}]}}