{"id":739889,"date":"2013-12-03T11:11:43","date_gmt":"2013-12-03T10:11:43","guid":{"rendered":"https:\/\/dailynewshungary.com\/it\/il-presidente-ader-vede-buone-possibilita-per-le-aziende-ungheresi-in-kuwait\/"},"modified":"2013-12-03T11:11:43","modified_gmt":"2013-12-03T10:11:43","slug":"il-presidente-ader-vede-buone-possibilita-per-le-aziende-ungheresi-in-kuwait","status":"publish","type":"post","link":"https:\/\/dailynewshungary.com\/it\/il-presidente-ader-vede-buone-possibilita-per-le-aziende-ungheresi-in-kuwait\/","title":{"rendered":"Il presidente Ader vede buone possibilit\u00e0 per le aziende ungheresi in Kuwait"},"content":{"rendered":"<p><strong>(MTI) Le aziende con sede in Ungheria hanno eccellenti possibilit\u00e0 commerciali in Kuwait, che ha stanziato 125 miliardi di dollari per il suo programma di sviluppo nazionale, ha detto ai giornalisti il presidente Janos Ader dopo aver incontrato luned\u00ec i leader kuwaitiani.<\/strong><\/p>\n<p>Ader, che \u00e8 in visita in Kuwait su invito dell&#8217;emiro Sabah Al-Ahmad Al-Jaber Al-Sabah, ha avuto colloqui con il presidente dell&#8217;Assemblea nazionale kuwaitiana Marzouq Al-Ghanim e il ministro degli Esteri Sheikh Sabah Khaled Al-Hamad Al-Sabah.<\/p>\n<p>A nome dell&#8217;emiro che ha subito un incidente in mattinata, il principe ereditario Nawaf Al-Ahmad Al-Jaber Al-Sabah ha incontrato il presidente ungherese.<\/p>\n<p>Ader ha detto che l&#8217;Ungheria potrebbe fornire tecnologie all&#8217;avanguardia per la desalinizzazione dell&#8217;acqua di mare e il trattamento delle acque reflue in Kuwait I due paesi hanno firmato un accordo educativo, in base al quale le universit\u00e0 e i college ungheresi riceveranno pi\u00f9 studenti dal Kuwait Sono state discusse anche le opportunit\u00e0 di cooperazione e nel turismo e nella salute, ha detto.<\/p>\n<p>L&#8217;ungherese Eximbank e la Kuwaiti Gulf Bank stanno discutendo i piani per una linea di credito per aiutare le PMI a entrare nel mercato in entrambi i paesi. Le imprese di costruzione ungheresi potrebbero aderire a un ambizioso programma kuwaitiano per la costruzione di 100.000 case, ha affermato.<\/p>\n<p><em>Foto: MTI \u00c1szl\u00f3 Beliczay<\/em><\/p>\n","protected":false},"excerpt":{"rendered":"<p>(MTI) Le aziende con sede in Ungheria hanno eccellenti possibilit\u00e0 commerciali in Kuwait, che ha stanziato 125 miliardi di dollari per il suo programma di sviluppo nazionale, ha detto ai giornalisti il presidente Janos Ader dopo aver incontrato luned\u00ec i leader kuwaitiani. Ader, che \u00e8 in visita in Kuwait su invito dell&#8217;emiro Sabah Al-Ahmad Al-Jaber [&hellip;]<\/p>\n","protected":false},"author":2,"featured_media":739890,"comment_status":"open","ping_status":"open","sticky":false,"template":"","format":"standard","meta":{"_display_image":"","footnotes":""},"categories":[1314],"tags":[1157,1132],"class_list":["post-739889","post","type-post","status-publish","format-standard","has-post-thumbnail","hentry","category-economia-in-ungheria","tag-asia","tag-economia"],"blocksy_meta":[],"author_username":"alk","telegram_post":"","public_post_metadata":{"breaking_news":"","important":"","csempe":"","center_tile":"","disable_thumbnail":"","target_lang":"","_featured_image_style":"","telegram_post":"","_xlat_group_id":""},"public_rank_math_data":{"title":"%titolo% %sep% %nomesito%","description":"","focus_keyword":"","canonical_url":"","robots":"","primary_category":"1314","breadcrumb_title":"","facebook_title":"","facebook_description":"","facebook_image":"","facebook_image_id":"","twitter_title":"","twitter_description":"","twitter_image":"","twitter_image_id":"","twitter_card_type":"","twitter_use_facebook":"","advanced_robots":"","pillar_content":"","seo_score":"","contentai_score":"","rich_snippet":""},"_links":{"self":[{"href":"https:\/\/dailynewshungary.com\/it\/wp-json\/wp\/v2\/posts\/739889","targetHints":{"allow":["GET"]}}],"collection":[{"href":"https:\/\/dailynewshungary.com\/it\/wp-json\/wp\/v2\/posts"}],"about":[{"href":"https:\/\/dailynewshungary.com\/it\/wp-json\/wp\/v2\/types\/post"}],"author":[{"embeddable":true,"href":"https:\/\/dailynewshungary.com\/it\/wp-json\/wp\/v2\/users\/2"}],"replies":[{"embeddable":true,"href":"https:\/\/dailynewshungary.com\/it\/wp-json\/wp\/v2\/comments?post=739889"}],"version-history":[{"count":0,"href":"https:\/\/dailynewshungary.com\/it\/wp-json\/wp\/v2\/posts\/739889\/revisions"}],"wp:featuredmedia":[{"embeddable":true,"href":"https:\/\/dailynewshungary.com\/it\/wp-json\/wp\/v2\/media\/739890"}],"wp:attachment":[{"href":"https:\/\/dailynewshungary.com\/it\/wp-json\/wp\/v2\/media?parent=739889"}],"wp:term":[{"taxonomy":"category","embeddable":true,"href":"https:\/\/dailynewshungary.com\/it\/wp-json\/wp\/v2\/categories?post=739889"},{"taxonomy":"post_tag","embeddable":true,"href":"https:\/\/dailynewshungary.com\/it\/wp-json\/wp\/v2\/tags?post=739889"}],"curies":[{"name":"wp","href":"https:\/\/api.w.org\/{rel}","templated":true}]}}