{"id":739891,"date":"2013-12-03T08:32:45","date_gmt":"2013-12-03T07:32:45","guid":{"rendered":"https:\/\/dailynewshungary.com\/it\/il-capa-photo-center-apre-nel-centro-di-budapest\/"},"modified":"2013-12-03T08:32:45","modified_gmt":"2013-12-03T07:32:45","slug":"il-capa-photo-center-apre-nel-centro-di-budapest","status":"publish","type":"post","link":"https:\/\/dailynewshungary.com\/it\/il-capa-photo-center-apre-nel-centro-di-budapest\/","title":{"rendered":"Il Capa Photo Center apre nel centro di Budapest"},"content":{"rendered":"<p><strong>MTI (MTI) Il Robert Capa Contemporary Photo Centre ha aperto luned\u00ec sera a Budapest la mostra \u201cCap Project (Progetto Robert Capa Contemporary Photo\u201d).<\/strong><\/p>\n<p>Il centro intitolato a Robert Capa (1913-1954), fotografo di guerra e fotoreporter di origine ungherese di fama internazionale, si trova nella centrale via Nagymezo di Budapest.<\/p>\n<p>Aprendo la mostra e il nuovo centro, Zoltan Balog, ministro delle Risorse umane, ha affermato che il fatto che cos\u00ec tanti abbiano partecipato all&#8217;inaugurazione \u00e8 stata una testimonianza della fotografia come arte. Il governo sosterr\u00e0 il centro con 155 milioni di fiorini nel 2013 e 198 milioni di fiorini nel 2014, ha detto. In occasione del centenario di Capa, la mostra basata sul concorso \u00e8 una raccolta di foto, \u201cas Capa le avrebbe scattate oggi, ha detto in conferenza stampa la curatrice\u201d Balazs Telek.<\/p>\n<p>La mostra sar\u00e0 aperta fino al 31 dicembre.<\/p>\n<p><em>Foto: MTI \u2013 Szil\u00e1rd Kostics\u00e1k<\/em><\/p>\n","protected":false},"excerpt":{"rendered":"<p>MTI (MTI) Il Robert Capa Contemporary Photo Centre ha aperto luned\u00ec sera a Budapest la mostra \u201cCap Project (Progetto Robert Capa Contemporary Photo\u201d). Il centro intitolato a Robert Capa (1913-1954), fotografo di guerra e fotoreporter di origine ungherese di fama internazionale, si trova nella centrale via Nagymezo di Budapest. Aprendo la mostra e il nuovo [&hellip;]<\/p>\n","protected":false},"author":2,"featured_media":739892,"comment_status":"open","ping_status":"open","sticky":false,"template":"","format":"standard","meta":{"_display_image":"","footnotes":""},"categories":[1304],"tags":[1104],"class_list":["post-739891","post","type-post","status-publish","format-standard","has-post-thumbnail","hentry","category-cultura-in-ungheria","tag-mostra"],"blocksy_meta":[],"author_username":"alk","telegram_post":"","public_post_metadata":{"breaking_news":"","important":"","csempe":"","center_tile":"","disable_thumbnail":"","target_lang":"","_featured_image_style":"","telegram_post":"","_xlat_group_id":""},"public_rank_math_data":{"title":"%titolo% %sep% %nomesito%","description":"","focus_keyword":"","canonical_url":"","robots":"","primary_category":"1304","breadcrumb_title":"","facebook_title":"","facebook_description":"","facebook_image":"","facebook_image_id":"","twitter_title":"","twitter_description":"","twitter_image":"","twitter_image_id":"","twitter_card_type":"","twitter_use_facebook":"","advanced_robots":"","pillar_content":"","seo_score":"","contentai_score":"","rich_snippet":""},"_links":{"self":[{"href":"https:\/\/dailynewshungary.com\/it\/wp-json\/wp\/v2\/posts\/739891","targetHints":{"allow":["GET"]}}],"collection":[{"href":"https:\/\/dailynewshungary.com\/it\/wp-json\/wp\/v2\/posts"}],"about":[{"href":"https:\/\/dailynewshungary.com\/it\/wp-json\/wp\/v2\/types\/post"}],"author":[{"embeddable":true,"href":"https:\/\/dailynewshungary.com\/it\/wp-json\/wp\/v2\/users\/2"}],"replies":[{"embeddable":true,"href":"https:\/\/dailynewshungary.com\/it\/wp-json\/wp\/v2\/comments?post=739891"}],"version-history":[{"count":0,"href":"https:\/\/dailynewshungary.com\/it\/wp-json\/wp\/v2\/posts\/739891\/revisions"}],"wp:featuredmedia":[{"embeddable":true,"href":"https:\/\/dailynewshungary.com\/it\/wp-json\/wp\/v2\/media\/739892"}],"wp:attachment":[{"href":"https:\/\/dailynewshungary.com\/it\/wp-json\/wp\/v2\/media?parent=739891"}],"wp:term":[{"taxonomy":"category","embeddable":true,"href":"https:\/\/dailynewshungary.com\/it\/wp-json\/wp\/v2\/categories?post=739891"},{"taxonomy":"post_tag","embeddable":true,"href":"https:\/\/dailynewshungary.com\/it\/wp-json\/wp\/v2\/tags?post=739891"}],"curies":[{"name":"wp","href":"https:\/\/api.w.org\/{rel}","templated":true}]}}