{"id":739933,"date":"2013-11-28T20:09:13","date_gmt":"2013-11-28T19:09:13","guid":{"rendered":"https:\/\/dailynewshungary.com\/it\/il-governo-considera-la-camera-di-commercio-e-industria-ungherese-un-partner-prioritario\/"},"modified":"2013-11-28T20:09:13","modified_gmt":"2013-11-28T19:09:13","slug":"il-governo-considera-la-camera-di-commercio-e-industria-ungherese-un-partner-prioritario","status":"publish","type":"post","link":"https:\/\/dailynewshungary.com\/it\/il-governo-considera-la-camera-di-commercio-e-industria-ungherese-un-partner-prioritario\/","title":{"rendered":"Il governo considera la Camera di commercio e industria ungherese un partner prioritario"},"content":{"rendered":"<p><strong>Il governo considera la Camera di commercio e dell&#8217;industria ungherese (MKIK) un attore chiave nell&#8217;economia ungherese e di conseguenza il suo parere \u00e8 sempre considerato importante, ha sottolineato il portavoce del governo Andr\u00e1s Gir\u00f3-Sz\u00e1sz dopo la riunione di gabinetto di mercoled\u00ec in cui sono stati attuati i tre accordi precedentemente conclusi con il MKIK e sono stati discussi i piani futuri.<\/strong><\/p>\n<p>Il presidente di MKIK L\u00e1szl\u00f3 Parragh ha affermato che gli accordi conclusi con il governo toccano questioni di macroeconomia, competitivit\u00e0 dell&#8217;economia ungherese e miglioramento del dialogo tra il governo e gli operatori economici.<\/p>\n<p>Secondo Parragh, l&#8217;economia ungherese si sta muovendo essenzialmente nella giusta direzione e i suoi elementi fondamentali si stanno rafforzando sempre di pi\u00f9 La procedura per i disavanzi eccessivi nei confronti dell&#8217;Ungheria \u00e8 stata revocata, e la ristrutturazione dei sottosistemi procede secondo i tempi previsti.<\/p>\n<p>Egli ha sottolineato che lo sviluppo del commercio attraverso la politica di apertura all&#8217;Est, la creazione di case commerciali e la modernizzazione della rete del commercio estero si sta evolvendo con successo, in parte grazie alla cooperazione esistente tra la Camera e il Governo.<\/p>\n<p>Ha anche affermato che le due parti concordano sull&#8217;efficacia del piano d&#8217;azione per la protezione del lavoro, aggiungendo che l&#8217;occupazione \u00e8 in costante aumento in quella che sembrerebbe essere una maniera sostenibile Si \u00e8 discusso anche del finanziamento delle PMI, della R &amp; S, dell&#8217;innovazione e dell&#8217;utilizzo dei fondi UE durante il prossimo periodo finanziario.<\/p>\n<p><em>Ufficio del Primo Ministro<\/em><\/p>\n<p><em>Foto: MTI \u2013 Lajos So\u00f3s<\/em><\/p>\n","protected":false},"excerpt":{"rendered":"<p>Il governo considera la Camera di commercio e dell&#8217;industria ungherese (MKIK) un attore chiave nell&#8217;economia ungherese e di conseguenza il suo parere \u00e8 sempre considerato importante, ha sottolineato il portavoce del governo Andr\u00e1s Gir\u00f3-Sz\u00e1sz dopo la riunione di gabinetto di mercoled\u00ec in cui sono stati attuati i tre accordi precedentemente conclusi con il MKIK e [&hellip;]<\/p>\n","protected":false},"author":2,"featured_media":739934,"comment_status":"open","ping_status":"open","sticky":false,"template":"","format":"standard","meta":{"_display_image":"","footnotes":""},"categories":[1314],"tags":[1132],"class_list":["post-739933","post","type-post","status-publish","format-standard","has-post-thumbnail","hentry","category-economia-in-ungheria","tag-economia"],"blocksy_meta":[],"author_username":"alk","telegram_post":"","public_post_metadata":{"breaking_news":"","important":"","csempe":"","center_tile":"","disable_thumbnail":"","target_lang":"","_featured_image_style":"","telegram_post":"","_xlat_group_id":""},"public_rank_math_data":{"title":"%titolo% %sep% %nomesito%","description":"","focus_keyword":"","canonical_url":"","robots":"","primary_category":"1314","breadcrumb_title":"","facebook_title":"","facebook_description":"","facebook_image":"","facebook_image_id":"","twitter_title":"","twitter_description":"","twitter_image":"","twitter_image_id":"","twitter_card_type":"","twitter_use_facebook":"","advanced_robots":"","pillar_content":"","seo_score":"","contentai_score":"","rich_snippet":""},"_links":{"self":[{"href":"https:\/\/dailynewshungary.com\/it\/wp-json\/wp\/v2\/posts\/739933","targetHints":{"allow":["GET"]}}],"collection":[{"href":"https:\/\/dailynewshungary.com\/it\/wp-json\/wp\/v2\/posts"}],"about":[{"href":"https:\/\/dailynewshungary.com\/it\/wp-json\/wp\/v2\/types\/post"}],"author":[{"embeddable":true,"href":"https:\/\/dailynewshungary.com\/it\/wp-json\/wp\/v2\/users\/2"}],"replies":[{"embeddable":true,"href":"https:\/\/dailynewshungary.com\/it\/wp-json\/wp\/v2\/comments?post=739933"}],"version-history":[{"count":0,"href":"https:\/\/dailynewshungary.com\/it\/wp-json\/wp\/v2\/posts\/739933\/revisions"}],"wp:featuredmedia":[{"embeddable":true,"href":"https:\/\/dailynewshungary.com\/it\/wp-json\/wp\/v2\/media\/739934"}],"wp:attachment":[{"href":"https:\/\/dailynewshungary.com\/it\/wp-json\/wp\/v2\/media?parent=739933"}],"wp:term":[{"taxonomy":"category","embeddable":true,"href":"https:\/\/dailynewshungary.com\/it\/wp-json\/wp\/v2\/categories?post=739933"},{"taxonomy":"post_tag","embeddable":true,"href":"https:\/\/dailynewshungary.com\/it\/wp-json\/wp\/v2\/tags?post=739933"}],"curies":[{"name":"wp","href":"https:\/\/api.w.org\/{rel}","templated":true}]}}