{"id":740015,"date":"2013-10-08T21:23:45","date_gmt":"2013-10-08T19:23:45","guid":{"rendered":"https:\/\/dailynewshungary.com\/it\/lungheria-aprira-un-consolato-onorario-a-trabzon\/"},"modified":"2013-10-08T21:23:45","modified_gmt":"2013-10-08T19:23:45","slug":"lungheria-aprira-un-consolato-onorario-a-trabzon","status":"publish","type":"post","link":"https:\/\/dailynewshungary.com\/it\/lungheria-aprira-un-consolato-onorario-a-trabzon\/","title":{"rendered":"L\u2019Ungheria aprir\u00e0 un consolato onorario a Trabzon"},"content":{"rendered":"<p><strong>L&#8217;ambasciatore ungherese ad Ankara Janos Hovari afferma che il consolato onorario sar\u00e0 aperto a Trabzon per rafforzare le relazioni turco-ungheresi<\/strong><\/p>\n<p>Luned\u00ec l&#8217;ambasciatore ungherese ad Ankara Janos Hovari ha espresso la speranza che un consolato onorario ungherese, che sar\u00e0 aperto nella citt\u00e0 portuale turca di Trabzon, sul Mar Nero, migliorer\u00e0 ulteriormente le relazioni tra i due paesi.<br \/>\n\u201cCrediamo che ci dovrebbero essere rappresentanti anche in altre province L&#8217;Ungheria ha relazioni storiche e speciali con la Turchia Il Sultano ottomano, Solimano il Magnifico, \u00e8 nato a Trabzon ed \u00e8 morto a Szigetvar, in Ungheria Il primo ministro turco ha visitato l&#8217;Ungheria a febbraio e speriamo che il nostro primo ministro visiter\u00e0 la Turchia anche nel 2014, ha detto\u201d Hovari durante un incontro con il governatore di Trabzon, Celil Oz.<\/p>\n<p>L&#8217;Ungheria ha due consolati onorari in Turchia, uno nella localit\u00e0 turistica meridionale di Antalya e l&#8217;altro nella citt\u00e0 sud-orientale di Gaziantep.<\/p>\n","protected":false},"excerpt":{"rendered":"<p>L&#8217;ambasciatore ungherese ad Ankara Janos Hovari afferma che il consolato onorario sar\u00e0 aperto a Trabzon per rafforzare le relazioni turco-ungheresi Luned\u00ec l&#8217;ambasciatore ungherese ad Ankara Janos Hovari ha espresso la speranza che un consolato onorario ungherese, che sar\u00e0 aperto nella citt\u00e0 portuale turca di Trabzon, sul Mar Nero, migliorer\u00e0 ulteriormente le relazioni tra i due [&hellip;]<\/p>\n","protected":false},"author":2,"featured_media":740016,"comment_status":"open","ping_status":"open","sticky":false,"template":"","format":"standard","meta":{"_display_image":"","footnotes":""},"categories":[1304],"tags":[1086],"class_list":["post-740015","post","type-post","status-publish","format-standard","has-post-thumbnail","hentry","category-cultura-in-ungheria","tag-turchia"],"blocksy_meta":[],"author_username":"alk","telegram_post":"","public_post_metadata":{"breaking_news":"","important":"","csempe":"","center_tile":"","disable_thumbnail":"","target_lang":"","_featured_image_style":"","telegram_post":"","_xlat_group_id":""},"public_rank_math_data":{"title":"%titolo% %sep% %nomesito%","description":"","focus_keyword":"","canonical_url":"","robots":"","primary_category":"1304","breadcrumb_title":"","facebook_title":"","facebook_description":"","facebook_image":"","facebook_image_id":"","twitter_title":"","twitter_description":"","twitter_image":"","twitter_image_id":"","twitter_card_type":"","twitter_use_facebook":"","advanced_robots":"","pillar_content":"","seo_score":"","contentai_score":"","rich_snippet":""},"_links":{"self":[{"href":"https:\/\/dailynewshungary.com\/it\/wp-json\/wp\/v2\/posts\/740015","targetHints":{"allow":["GET"]}}],"collection":[{"href":"https:\/\/dailynewshungary.com\/it\/wp-json\/wp\/v2\/posts"}],"about":[{"href":"https:\/\/dailynewshungary.com\/it\/wp-json\/wp\/v2\/types\/post"}],"author":[{"embeddable":true,"href":"https:\/\/dailynewshungary.com\/it\/wp-json\/wp\/v2\/users\/2"}],"replies":[{"embeddable":true,"href":"https:\/\/dailynewshungary.com\/it\/wp-json\/wp\/v2\/comments?post=740015"}],"version-history":[{"count":0,"href":"https:\/\/dailynewshungary.com\/it\/wp-json\/wp\/v2\/posts\/740015\/revisions"}],"wp:featuredmedia":[{"embeddable":true,"href":"https:\/\/dailynewshungary.com\/it\/wp-json\/wp\/v2\/media\/740016"}],"wp:attachment":[{"href":"https:\/\/dailynewshungary.com\/it\/wp-json\/wp\/v2\/media?parent=740015"}],"wp:term":[{"taxonomy":"category","embeddable":true,"href":"https:\/\/dailynewshungary.com\/it\/wp-json\/wp\/v2\/categories?post=740015"},{"taxonomy":"post_tag","embeddable":true,"href":"https:\/\/dailynewshungary.com\/it\/wp-json\/wp\/v2\/tags?post=740015"}],"curies":[{"name":"wp","href":"https:\/\/api.w.org\/{rel}","templated":true}]}}