{"id":740114,"date":"2013-09-28T12:54:09","date_gmt":"2013-09-28T10:54:09","guid":{"rendered":"https:\/\/dailynewshungary.com\/it\/ministro-martonyi-a-ny-lasia-centrale-e-importante-per-lungheria\/"},"modified":"2013-09-28T12:54:09","modified_gmt":"2013-09-28T10:54:09","slug":"ministro-martonyi-a-ny-lasia-centrale-e-importante-per-lungheria","status":"publish","type":"post","link":"https:\/\/dailynewshungary.com\/it\/ministro-martonyi-a-ny-lasia-centrale-e-importante-per-lungheria\/","title":{"rendered":"Ministro Martonyi a NY: L\u2019Asia centrale \u00e8 importante per l\u2019Ungheria"},"content":{"rendered":"<p><strong>Gioved\u00ec a New York City il ministro degli Esteri J\u00e1nos Martonyi ha tenuto incontri bilaterali con i suoi omologhi di Afghanistan, Iraq e Kazakistan a margine della sessione plenaria dell&#8217;Assemblea generale delle Nazioni Unite.<\/strong><\/p>\n<p>J\u00e1nos Martonyi ha assicurato al ministro degli Esteri afghano, dottor Zelmai Rasool, che l&#8217;Ungheria fornir\u00e0 assistenza all&#8217;Afghanistan anche dopo il 2014. \u201e Per noi \u00e8 molto importante preservare ci\u00f2 che la comunit\u00e0 internazionale ha ottenuto in Afghanistan dopo tutti i sacrifici e le guerre, e che non dovremmo dare un\u2019altra possibilit\u00e0 al terrorismo e al traffico di droga\u201d, ha affermato il ministro degli Esteri ungherese.<\/p>\n<p>Per quanto riguarda i colloqui con il ministro degli Esteri iracheno Hoshyar Zebari, J\u00e1nos Martonyi ha dichiarato che la compagnia petrolifera ungherese MOL intende effettuare un investimento nella parte settentrionale dell&#8217;Iraq, nella regione curda. \u201e Di conseguenza creeremo un ufficio consolare a Erbil, e il compito di questo ufficio sar\u00e0 quello di promuovere le attivit\u00e0 di MOL e sviluppare contatti a livello localeha aggiunto.<\/p>\n<p>In seguito ai colloqui con il ministro degli Esteri kazako Erlan Idrisov, J\u00e1nos Martonyi ha dichiarato che le relazioni bilaterali tra Ungheria e Kazakistan si stanno sviluppando in modo promettente. Il signor Idrisov visiter\u00e0 l&#8217;Ungheria tra due mesi e nella prima met\u00e0 del 2014 il presidente del Kazakistan Nursultan Nazarbayev effettuer\u00e0 una visita ufficiale in Ungheria. &#8220;Il Kazakistan \u00e8 un&#8217;importante potenza regionale e un partner molto importante per l&#8217;UE. Diversi paesi europei hanno accordi di partenariato strategico con il Kazakistan e ho anche avviato un accordo di questo tipo tra i nostri paesi, ha dichiarato J\u00e1nos Martonyi.<\/p>\n","protected":false},"excerpt":{"rendered":"<p>Gioved\u00ec a New York City il ministro degli Esteri J\u00e1nos Martonyi ha tenuto incontri bilaterali con i suoi omologhi di Afghanistan, Iraq e Kazakistan a margine della sessione plenaria dell&#8217;Assemblea generale delle Nazioni Unite. J\u00e1nos Martonyi ha assicurato al ministro degli Esteri afghano, dottor Zelmai Rasool, che l&#8217;Ungheria fornir\u00e0 assistenza all&#8217;Afghanistan anche dopo il 2014. [&hellip;]<\/p>\n","protected":false},"author":2,"featured_media":740115,"comment_status":"open","ping_status":"open","sticky":false,"template":"","format":"standard","meta":{"_display_image":"","footnotes":""},"categories":[1185],"tags":[1092],"class_list":["post-740114","post","type-post","status-publish","format-standard","has-post-thumbnail","hentry","category-politica-in-ungheria","tag-ministero-degli-affari-esteri-dellungheria"],"blocksy_meta":[],"author_username":"alk","telegram_post":"","public_post_metadata":{"breaking_news":"","important":"","csempe":"","center_tile":"","disable_thumbnail":"","target_lang":"","_featured_image_style":"","telegram_post":"","_xlat_group_id":""},"public_rank_math_data":{"title":"%titolo% %sep% %nomesito%","description":"","focus_keyword":"","canonical_url":"","robots":"","primary_category":"1185","breadcrumb_title":"","facebook_title":"","facebook_description":"","facebook_image":"","facebook_image_id":"","twitter_title":"","twitter_description":"","twitter_image":"","twitter_image_id":"","twitter_card_type":"","twitter_use_facebook":"","advanced_robots":"","pillar_content":"","seo_score":"","contentai_score":"","rich_snippet":""},"_links":{"self":[{"href":"https:\/\/dailynewshungary.com\/it\/wp-json\/wp\/v2\/posts\/740114","targetHints":{"allow":["GET"]}}],"collection":[{"href":"https:\/\/dailynewshungary.com\/it\/wp-json\/wp\/v2\/posts"}],"about":[{"href":"https:\/\/dailynewshungary.com\/it\/wp-json\/wp\/v2\/types\/post"}],"author":[{"embeddable":true,"href":"https:\/\/dailynewshungary.com\/it\/wp-json\/wp\/v2\/users\/2"}],"replies":[{"embeddable":true,"href":"https:\/\/dailynewshungary.com\/it\/wp-json\/wp\/v2\/comments?post=740114"}],"version-history":[{"count":0,"href":"https:\/\/dailynewshungary.com\/it\/wp-json\/wp\/v2\/posts\/740114\/revisions"}],"wp:featuredmedia":[{"embeddable":true,"href":"https:\/\/dailynewshungary.com\/it\/wp-json\/wp\/v2\/media\/740115"}],"wp:attachment":[{"href":"https:\/\/dailynewshungary.com\/it\/wp-json\/wp\/v2\/media?parent=740114"}],"wp:term":[{"taxonomy":"category","embeddable":true,"href":"https:\/\/dailynewshungary.com\/it\/wp-json\/wp\/v2\/categories?post=740114"},{"taxonomy":"post_tag","embeddable":true,"href":"https:\/\/dailynewshungary.com\/it\/wp-json\/wp\/v2\/tags?post=740114"}],"curies":[{"name":"wp","href":"https:\/\/api.w.org\/{rel}","templated":true}]}}