{"id":740134,"date":"2013-09-26T16:30:02","date_gmt":"2013-09-26T14:30:02","guid":{"rendered":"https:\/\/dailynewshungary.com\/it\/la-mostra-amrita-sher-gil-e-stata-inaugurata-presso-la-sede-dellunesco-a-parigi\/"},"modified":"2013-09-26T16:30:02","modified_gmt":"2013-09-26T14:30:02","slug":"la-mostra-amrita-sher-gil-e-stata-inaugurata-presso-la-sede-dellunesco-a-parigi","status":"publish","type":"post","link":"https:\/\/dailynewshungary.com\/it\/la-mostra-amrita-sher-gil-e-stata-inaugurata-presso-la-sede-dellunesco-a-parigi\/","title":{"rendered":"La mostra Amrita Sher-Gil \u00e8 stata inaugurata presso la sede dell\u2019UNESCO a Parigi"},"content":{"rendered":"<p><strong>Marted\u00ec presso la sede dell&#8217;UNESCO a Parigi \u00e8 stata inaugurata una mostra sulla pittrice indiana di origine ungherese Amrita Sher-Gil (1913-1941), in occasione del suo centenario della nascita.<\/strong><\/p>\n<p>L&#8217;ambasciatore ungherese dell&#8217;UNESCO Katalin Bogyay ha dichiarato durante l&#8217;evento di apertura che il 2013 \u00e8 stato dichiarato dall&#8217;organizzazione l&#8217;anno internazionale di Sher-Gil in onore dell&#8217;artista che ha creato un legame tra la cultura europea e quella asiatica.<\/p>\n<p>Il vice segretario di Stato per la cultura presso il Ministero delle risorse umane Judit Hammerstein ha detto che Sher-Gil apparteneva sia alla cultura ungherese che a quella indiana e ha creato un ponte tra la moderna pittura europea e quella tradizionale indiana I legami culturali ungherese-indiani risalgono a molti secoli fa, grazie a persone come S\u00e1ndor K\u0151r\u00f6si-Csoma, Erzs\u00e9bet Brunner Sass ed Ervin Baktay, ha aggiunto.<\/p>\n<p>Parte della mostra presenta la vita di Sher-Gil che \u00e8 considerata un&#8217;importante pittrice donna responsabile del rinnovamento dell&#8217;arte moderna in India Un&#8217;altra parte della mostra presenta riproduzioni delle sue opere selezionate dalla National Gallery of Modern Art di Nuova Delhi.<\/p>\n<p style=\"text-align: center;\"><a href=\"https:\/\/dailynewshungary.com\/wp-content\/uploads\/2013\/09\/Young_Girls.jpg\" data-pswp-width=\"\" data-pswp-height=\"\" data-cropped=\"true\"><img loading=\"lazy\" decoding=\"async\" class=\"size-full wp-image-1408 aligncenter\" alt=\"Giovani_Ragazze\" src=\"https:\/\/dailynewshungary.com\/wp-content\/uploads\/2013\/09\/Young_Girls.jpg\" width=\"483\" height=\"600\" srcset=\"https:\/\/contentf5.dailynewshungary.com\/wp-content\/uploads\/2013\/09\/Young_Girls.jpg 483w, https:\/\/contentf5.dailynewshungary.com\/wp-content\/uploads\/2013\/09\/Young_Girls-241x300.jpg 241w\" sizes=\"auto, (max-width: 483px) 100vw, 483px\"><\/a><\/p>\n","protected":false},"excerpt":{"rendered":"<p>Marted\u00ec presso la sede dell&#8217;UNESCO a Parigi \u00e8 stata inaugurata una mostra sulla pittrice indiana di origine ungherese Amrita Sher-Gil (1913-1941), in occasione del suo centenario della nascita. L&#8217;ambasciatore ungherese dell&#8217;UNESCO Katalin Bogyay ha dichiarato durante l&#8217;evento di apertura che il 2013 \u00e8 stato dichiarato dall&#8217;organizzazione l&#8217;anno internazionale di Sher-Gil in onore dell&#8217;artista che ha [&hellip;]<\/p>\n","protected":false},"author":2,"featured_media":740135,"comment_status":"open","ping_status":"open","sticky":false,"template":"","format":"standard","meta":{"_display_image":"","footnotes":""},"categories":[1304],"tags":[1157,1104],"class_list":["post-740134","post","type-post","status-publish","format-standard","has-post-thumbnail","hentry","category-cultura-in-ungheria","tag-asia","tag-mostra"],"blocksy_meta":[],"author_username":"alk","telegram_post":"","public_post_metadata":{"breaking_news":"","important":"","csempe":"","center_tile":"","disable_thumbnail":"","target_lang":"","_featured_image_style":"","telegram_post":"","_xlat_group_id":""},"public_rank_math_data":{"title":"%titolo% %sep% %nomesito%","description":"","focus_keyword":"","canonical_url":"","robots":"","primary_category":"1304","breadcrumb_title":"","facebook_title":"","facebook_description":"","facebook_image":"","facebook_image_id":"","twitter_title":"","twitter_description":"","twitter_image":"","twitter_image_id":"","twitter_card_type":"","twitter_use_facebook":"","advanced_robots":"","pillar_content":"","seo_score":"","contentai_score":"","rich_snippet":""},"_links":{"self":[{"href":"https:\/\/dailynewshungary.com\/it\/wp-json\/wp\/v2\/posts\/740134","targetHints":{"allow":["GET"]}}],"collection":[{"href":"https:\/\/dailynewshungary.com\/it\/wp-json\/wp\/v2\/posts"}],"about":[{"href":"https:\/\/dailynewshungary.com\/it\/wp-json\/wp\/v2\/types\/post"}],"author":[{"embeddable":true,"href":"https:\/\/dailynewshungary.com\/it\/wp-json\/wp\/v2\/users\/2"}],"replies":[{"embeddable":true,"href":"https:\/\/dailynewshungary.com\/it\/wp-json\/wp\/v2\/comments?post=740134"}],"version-history":[{"count":0,"href":"https:\/\/dailynewshungary.com\/it\/wp-json\/wp\/v2\/posts\/740134\/revisions"}],"wp:featuredmedia":[{"embeddable":true,"href":"https:\/\/dailynewshungary.com\/it\/wp-json\/wp\/v2\/media\/740135"}],"wp:attachment":[{"href":"https:\/\/dailynewshungary.com\/it\/wp-json\/wp\/v2\/media?parent=740134"}],"wp:term":[{"taxonomy":"category","embeddable":true,"href":"https:\/\/dailynewshungary.com\/it\/wp-json\/wp\/v2\/categories?post=740134"},{"taxonomy":"post_tag","embeddable":true,"href":"https:\/\/dailynewshungary.com\/it\/wp-json\/wp\/v2\/tags?post=740134"}],"curies":[{"name":"wp","href":"https:\/\/api.w.org\/{rel}","templated":true}]}}