{"id":740162,"date":"2013-09-23T18:20:18","date_gmt":"2013-09-23T16:20:18","guid":{"rendered":"https:\/\/dailynewshungary.com\/it\/bilancio-2014-inflazione-prevista-al-24-e-deficit-di-bilancio-al-29\/"},"modified":"2013-09-23T18:20:18","modified_gmt":"2013-09-23T16:20:18","slug":"bilancio-2014-inflazione-prevista-al-24-e-deficit-di-bilancio-al-29","status":"publish","type":"post","link":"https:\/\/dailynewshungary.com\/it\/bilancio-2014-inflazione-prevista-al-24-e-deficit-di-bilancio-al-29\/","title":{"rendered":"Bilancio 2014: inflazione prevista al 2,4% e deficit di bilancio al 2,9%"},"content":{"rendered":"<p><strong>Il Ministero dell&#8217;Economia Nazionale ha redatto il bilancio del prossimo anno con un deficit del 2,9% e un tasso di inflazione del 2,4%, ha dichiarato domenica il ministro Mih\u00e1ly Varga.<\/strong><\/p>\n<p>Il Ministro ha inoltre rivelato che il Ministero ha calcolato il Bilancio 2014 senza entrate derivanti dall&#8217;imposta sulla pubblicit\u00e0 e che l&#8217;obiettivo di deficit inferiore al 3% sar\u00e0 raggiungibile anche senza di essa. \u201cI prevede solo lievi modifiche alla normativa fiscale, e tali che non incidono su voci di grandi dimensioni o nuovi tipi di imposte, ha affermato il Ministro. Di conseguenza, i privati e le imprese pianificheranno le passivit\u00e0 fiscali del prossimo anno sulla base del sistema fiscale del 2013. Varga ha sottolineato che il governo \u00e8 obbligato a redigere un bilancio statale per il 2014 che garantisca che il paese non ritorni pi\u00f9 nell&#8217;ambito della procedura per deficit eccessivo. L&#8217;obiettivo del Ministero dell&#8217;Economia Nazionale \u00e8 che al settore o alla divisione, per quanto possibile, venga assegnato meno finanziamenti dal bilancio statale rispetto al 2013. Ha aggiunto che lo Stato non accetter\u00e0 debiti aggiuntivi dai comuni quest&#8217;anno e che stanno ancora valutando se questa \u00e8 un&#8217;opzione l&#8217;anno prossimo o meno.<br \/>\nA causa del taglio degli oneri di pubblica utilit\u00e0, si prevede che le entrate fiscali derivanti dall&#8217;imposta sulle societ\u00e0 e dall&#8217;IVA saranno inferiori; sebbene i calcoli siano ancora in corso, si prevede che il deficit non sar\u00e0 superiore a 20-25 miliardi di fiorini, ha affermato Varga.<\/p>\n<p>Parlando del bilancio di quest&#8217;anno, il Ministro ha affermato che ci sono rischi sia sulle entrate che sulle spese, a causa dei dibattiti sulla contabilit\u00e0 di alcune voci, come l&#8217;aumento di capitale di MVM, il fornitore statale di elettricit\u00e0 D&#8217;altra parte, guardando i dati economici della prima met\u00e0 dell&#8217;anno, gli investimenti e gli occupati sono aumentati, il settore edile e l&#8217;economia ha registrato una crescita \u00e8 giustificato affermare che, a condizione che l&#8217;economia funzioni bene, anche le finanze statali rimarranno stabili.<\/p>\n<p>L\u2019anno scorso, gli ungheresi che lavorano all\u2019estero hanno rimesso 1,7 miliardi di euro, ha affermato il ministro aggiungendo che, anche se sarebbe meglio se ogni ungherese che lavora all\u2019estero trovasse un lavoro in patria, ma poich\u00e9 le persone il cui posto di lavoro \u00e8 fuori dall\u2019Ungheria rimandano indietro parte del loro reddito e quel denaro viene speso nel paese, questo importo rappresenta ancora un fattore di crescita economica positivo.<\/p>\n<p>Per quanto riguarda la difficile situazione dei debitori in valuta estera, Varga ha affermato che un&#8217;economia correttamente funzionante non pu\u00f2 funzionare senza un sistema finanziario e prestiti adeguati, pertanto \u00e8 necessario trovare una soluzione che non metta in pericolo il sistema bancario Il Ministro ha ribadito che nel caso in cui le banche non possano risolvere la questione fino al 1\u00b0 novembre, il governo far\u00e0 i passi necessari volti a servire sia l&#8217;economia che i debitori in valuta estera Varga ha negato le notizie dei media secondo cui il governo \u00e8 deciso a trasformare i prestiti in valuta estera in prestiti denominati in fiorini.<\/p>\n<p>Il presidente dell\u2019Associazione bancaria ungherese Mih\u00e1ly Patai la scorsa settimana ha affermato che \u00e8 impossibile scambiare circa 12 miliardi di franchi svizzeri in un breve periodo di tempo, il termine fissato dal governo \u00e8 troppo breve e, a suo avviso, una soluzione a lungo termine ripartita su una decina di anni. anni potrebbe essere fattibile. In risposta, Varga ha affermato che l&#8217;Associazione bancaria ha adottato una certa posizione strana e ostinata, poich\u00e9 le banche hanno diversi programmi per alleviare il peso dei clienti, che finora hanno assistito 150mila persone, quindi \u00e8 difficile comprendere il motivo per cui Patai \u00e8 diventato improvvisamente offensivo e afferma di non poter immaginare una soluzione senza il coinvolgimento del governo.\u201d<\/p>\n<p>Il Ministro ha richiamato l&#8217;attenzione sul fatto che la quota crescente di crediti deteriorati \u00e8 stato un fattore di rischio significativo per le banche, in quanto il 14-15 per cento dei debitori in valuta estera non ha pagato rate per pi\u00f9 di 90 giorni Il Ministro ritiene che \u201cle banche sono in grado di trovare qualche rimedio-\u201d<\/p>\n<p>Rispondendo alla domanda se il governo contribuir\u00e0 o meno finanziariamente al pacchetto di aiuti per i debitori in valuta estera, Varga ha affermato che tutto dipende dalla proposta finale, poich\u00e9 il governo pu\u00f2 sostenere solo una soluzione che non metta in pericolo il deficit obiettivo.<\/p>\n<p>Il Ministro ha inoltre risposto alla dichiarazione di Patai sostenendo che il governo \u00e8 desideroso di modificare l&#8217;attuale status quo all&#8217;interno del sistema bancario ungherese: ha sottolineato che il governo ha formulato un obiettivo gi\u00e0 nel 2010 che mira ad una quota significativa, forse il 50% di propriet\u00e0 ungherese all\u2019interno del sistema bancario ungherese Questo obiettivo \u00e8 realistico, ha aggiunto Varga.<\/p>\n","protected":false},"excerpt":{"rendered":"<p>Il Ministero dell&#8217;Economia Nazionale ha redatto il bilancio del prossimo anno con un deficit del 2,9% e un tasso di inflazione del 2,4%, ha dichiarato domenica il ministro Mih\u00e1ly Varga. Il Ministro ha inoltre rivelato che il Ministero ha calcolato il Bilancio 2014 senza entrate derivanti dall&#8217;imposta sulla pubblicit\u00e0 e che l&#8217;obiettivo di deficit inferiore [&hellip;]<\/p>\n","protected":false},"author":2,"featured_media":740163,"comment_status":"open","ping_status":"open","sticky":false,"template":"","format":"standard","meta":{"_display_image":"","footnotes":""},"categories":[1314],"tags":[1132,1368],"class_list":["post-740162","post","type-post","status-publish","format-standard","has-post-thumbnail","hentry","category-economia-in-ungheria","tag-economia","tag-fiorino"],"blocksy_meta":[],"author_username":"alk","telegram_post":"","public_post_metadata":{"breaking_news":"","important":"","csempe":"","center_tile":"","disable_thumbnail":"","target_lang":"","_featured_image_style":"","telegram_post":"","_xlat_group_id":""},"public_rank_math_data":{"title":"%titolo% %sep% %nomesito%","description":"","focus_keyword":"","canonical_url":"","robots":"","primary_category":"1314","breadcrumb_title":"","facebook_title":"","facebook_description":"","facebook_image":"","facebook_image_id":"","twitter_title":"","twitter_description":"","twitter_image":"","twitter_image_id":"","twitter_card_type":"","twitter_use_facebook":"","advanced_robots":"","pillar_content":"","seo_score":"","contentai_score":"","rich_snippet":""},"_links":{"self":[{"href":"https:\/\/dailynewshungary.com\/it\/wp-json\/wp\/v2\/posts\/740162","targetHints":{"allow":["GET"]}}],"collection":[{"href":"https:\/\/dailynewshungary.com\/it\/wp-json\/wp\/v2\/posts"}],"about":[{"href":"https:\/\/dailynewshungary.com\/it\/wp-json\/wp\/v2\/types\/post"}],"author":[{"embeddable":true,"href":"https:\/\/dailynewshungary.com\/it\/wp-json\/wp\/v2\/users\/2"}],"replies":[{"embeddable":true,"href":"https:\/\/dailynewshungary.com\/it\/wp-json\/wp\/v2\/comments?post=740162"}],"version-history":[{"count":0,"href":"https:\/\/dailynewshungary.com\/it\/wp-json\/wp\/v2\/posts\/740162\/revisions"}],"wp:featuredmedia":[{"embeddable":true,"href":"https:\/\/dailynewshungary.com\/it\/wp-json\/wp\/v2\/media\/740163"}],"wp:attachment":[{"href":"https:\/\/dailynewshungary.com\/it\/wp-json\/wp\/v2\/media?parent=740162"}],"wp:term":[{"taxonomy":"category","embeddable":true,"href":"https:\/\/dailynewshungary.com\/it\/wp-json\/wp\/v2\/categories?post=740162"},{"taxonomy":"post_tag","embeddable":true,"href":"https:\/\/dailynewshungary.com\/it\/wp-json\/wp\/v2\/tags?post=740162"}],"curies":[{"name":"wp","href":"https:\/\/api.w.org\/{rel}","templated":true}]}}