{"id":740204,"date":"2013-09-20T12:55:49","date_gmt":"2013-09-20T10:55:49","guid":{"rendered":"https:\/\/dailynewshungary.com\/it\/il-governo-ha-concluso-un-accordo-di-partenariato-strategico-con-samsung\/"},"modified":"2013-09-20T12:55:49","modified_gmt":"2013-09-20T10:55:49","slug":"il-governo-ha-concluso-un-accordo-di-partenariato-strategico-con-samsung","status":"publish","type":"post","link":"https:\/\/dailynewshungary.com\/it\/il-governo-ha-concluso-un-accordo-di-partenariato-strategico-con-samsung\/","title":{"rendered":"Il governo ha concluso un accordo di partenariato strategico con Samsung"},"content":{"rendered":"<p style=\"text-align: left;\"><strong>Un Accordo di Partenariato Strategico \u00e8 stato firmato oggi dal Ministro per l&#8217;Economia Nazionale Mih\u00e1ly Varga e dal Presidente di Samsung Electronics Hungary Ltd Lee Kyu-Jin presso la sede della societ\u00e0 J\u00e1szf\u00e9nyszaru Dopo la cerimonia della firma, i partecipanti hanno piantato un albero come simbolo per la prima pietra del nuovo impianto di produzione Samsung.<\/strong><\/p>\n<p>Intervenendo prima della cerimonia della firma, Mih\u00e1ly Varga ha affermato che la nuova armonizzazione di 22mila metri quadrati del capannone di produzione, del valore di circa 30 dollari USA. Creer\u00e0 cento nuovi posti di lavoro. La cooperazione del governo con Samsung Electronics Ungheria \u00e8 un buon esempio per il successo di un&#8217;adeguata politica governativa e degli obiettivi degli stakeholder economici, ha affermato il Ministro. Come ha sottolineato, uno degli obiettivi chiave della politica economica del governo \u00e8 quello di stimolare l&#8217;occupazione e gli investimenti e migliorare la competitivit\u00e0.<br \/>\n<a href=\"https:\/\/dailynewshungary.com\/wp-content\/uploads\/2013\/09\/VArga-samsung-sign.jpg\" data-pswp-width=\"\" data-pswp-height=\"\" data-cropped=\"true\"><img loading=\"lazy\" decoding=\"async\" class=\"size-full wp-image-1220 aligncenter\" alt=\"Varga-samsung-segno\" src=\"https:\/\/dailynewshungary.com\/wp-content\/uploads\/2013\/09\/VArga-samsung-sign.jpg\" width=\"496\" height=\"331\" srcset=\"https:\/\/contentf5.dailynewshungary.com\/wp-content\/uploads\/2013\/09\/VArga-samsung-sign.jpg 496w, https:\/\/contentf5.dailynewshungary.com\/wp-content\/uploads\/2013\/09\/VArga-samsung-sign-300x200.jpg 300w\" sizes=\"auto, (max-width: 496px) 100vw, 496px\"><\/a><br \/>\nIl programma di investimenti di Samsung ha inviato un messaggio positivo sull&#8217;Ungheria e sul contesto economico ungherese, ha sottolineato Mih\u00e1ly Varga.<\/p>\n<p>L&#8217;ambasciatore della Corea del Sud in Ungheria Nam Gvan Pjo ha accolto con favore l&#8217;accordo di partenariato e ha aggiunto che non appena le relazioni diplomatiche tra i due paesi saranno state ripristinate, Samsung ha lanciato progetti di investimento in Ungheria.<\/p>\n<p>Il presidente e amministratore delegato di Samsung Li Kju Dzsin ha sottolineato che la fabbrica televisiva, alla quale oggi si \u00e8 aggiunta una nuova unit\u00e0, celebrer\u00e0 il suo 24\u00b0 anniversario e una storia che \u00e8 diventata una storia di successo della produzione elettronica e televisiva ungherese: l&#8217;azienda impiega quasi 3000 persone e i suoi investimenti ammontano a circa 160 miliardi di fiorini. \u201cQuesta struttura \u00e8 una delle fabbriche televisive pi\u00f9 grandi d&#8217;Europa e uno dei siti di produzione pi\u00f9 moderni al mondo, ha sottolineato.<\/p>\n<p>Il presidente di Samsung Electronics Ungheria Istv\u00e1n Facsk\u00f3 ha sottolineato l&#8217;importanza della responsabilit\u00e0 sociale delle imprese A novembre \u00e8 prevista l&#8217;apertura della Samsung Smart School a J\u00e1szf\u00e9nyszaru, che fornir\u00e0 un&#8217;istruzione aggiornata agli alunni della scuola primaria e ai disoccupati di et\u00e0 compresa tra 18 e 25 anni, le cui prospettive sul mercato del lavoro saranno cos\u00ec migliorate.<\/p>\n","protected":false},"excerpt":{"rendered":"<p>Un Accordo di Partenariato Strategico \u00e8 stato firmato oggi dal Ministro per l&#8217;Economia Nazionale Mih\u00e1ly Varga e dal Presidente di Samsung Electronics Hungary Ltd Lee Kyu-Jin presso la sede della societ\u00e0 J\u00e1szf\u00e9nyszaru Dopo la cerimonia della firma, i partecipanti hanno piantato un albero come simbolo per la prima pietra del nuovo impianto di produzione Samsung. [&hellip;]<\/p>\n","protected":false},"author":2,"featured_media":740205,"comment_status":"open","ping_status":"open","sticky":false,"template":"","format":"standard","meta":{"_display_image":"","footnotes":""},"categories":[1314],"tags":[1132],"class_list":["post-740204","post","type-post","status-publish","format-standard","has-post-thumbnail","hentry","category-economia-in-ungheria","tag-economia"],"blocksy_meta":[],"author_username":"alk","telegram_post":"","public_post_metadata":{"breaking_news":"","important":"","csempe":"","center_tile":"","disable_thumbnail":"","target_lang":"","_featured_image_style":"","telegram_post":"","_xlat_group_id":""},"public_rank_math_data":{"title":"%titolo% %sep% %nomesito%","description":"","focus_keyword":"","canonical_url":"","robots":"","primary_category":"1314","breadcrumb_title":"","facebook_title":"","facebook_description":"","facebook_image":"","facebook_image_id":"","twitter_title":"","twitter_description":"","twitter_image":"","twitter_image_id":"","twitter_card_type":"","twitter_use_facebook":"","advanced_robots":"","pillar_content":"","seo_score":"","contentai_score":"","rich_snippet":""},"_links":{"self":[{"href":"https:\/\/dailynewshungary.com\/it\/wp-json\/wp\/v2\/posts\/740204","targetHints":{"allow":["GET"]}}],"collection":[{"href":"https:\/\/dailynewshungary.com\/it\/wp-json\/wp\/v2\/posts"}],"about":[{"href":"https:\/\/dailynewshungary.com\/it\/wp-json\/wp\/v2\/types\/post"}],"author":[{"embeddable":true,"href":"https:\/\/dailynewshungary.com\/it\/wp-json\/wp\/v2\/users\/2"}],"replies":[{"embeddable":true,"href":"https:\/\/dailynewshungary.com\/it\/wp-json\/wp\/v2\/comments?post=740204"}],"version-history":[{"count":0,"href":"https:\/\/dailynewshungary.com\/it\/wp-json\/wp\/v2\/posts\/740204\/revisions"}],"wp:featuredmedia":[{"embeddable":true,"href":"https:\/\/dailynewshungary.com\/it\/wp-json\/wp\/v2\/media\/740205"}],"wp:attachment":[{"href":"https:\/\/dailynewshungary.com\/it\/wp-json\/wp\/v2\/media?parent=740204"}],"wp:term":[{"taxonomy":"category","embeddable":true,"href":"https:\/\/dailynewshungary.com\/it\/wp-json\/wp\/v2\/categories?post=740204"},{"taxonomy":"post_tag","embeddable":true,"href":"https:\/\/dailynewshungary.com\/it\/wp-json\/wp\/v2\/tags?post=740204"}],"curies":[{"name":"wp","href":"https:\/\/api.w.org\/{rel}","templated":true}]}}