{"id":740260,"date":"2013-09-15T18:23:20","date_gmt":"2013-09-15T16:23:20","guid":{"rendered":"https:\/\/dailynewshungary.com\/it\/la-giornata-internazionale-degli-animali-nellhortobagy-wild-animal-park\/"},"modified":"2013-09-15T18:23:20","modified_gmt":"2013-09-15T16:23:20","slug":"la-giornata-internazionale-degli-animali-nellhortobagy-wild-animal-park","status":"publish","type":"post","link":"https:\/\/dailynewshungary.com\/it\/la-giornata-internazionale-degli-animali-nellhortobagy-wild-animal-park\/","title":{"rendered":"La giornata internazionale degli animali nell\u2019Hortob\u00e1gy Wild Animal Park"},"content":{"rendered":"<p><strong>Nella Giornata internazionale degli animali nel Parco degli animali selvatici di Hortob\u00e1gy desideriamo attirare l&#8217;attenzione su tutti gli animali che vivono sulla Terra.<\/strong><\/p>\n<p><strong>Dettagli:<\/strong><br \/>\nLocalit\u00e0: mulino di Hortob\u00e1gy<br \/>\nTipo: scientifico<br \/>\nInizio dell&#8217;evento: 05-10-2013 10:00:00<br \/>\nFine dell&#8217;evento: 06-10-2013 14:00:00<br \/>\nAmmissione: Adulto: 1500 HUF\/Persona Bambino (3-18 anni)\/pensionato: 700 HUF\/Persona<br \/>\nAgevolazioni di pagamento: Solo contanti<br \/>\nDisabili accessibili: parzialmente<br \/>\nFesta regionale: s\u00ec<br \/>\nFestival indoor o outdoor: entrambi<br \/>\nGruppo target Festival`: anybody<br \/>\nLa partecipazione ai programmi, agli eventi e ai festival \u00e8 gratuita?: no, non \u00e8 gratuita<\/p>\n<p><strong>Contatto:<\/strong><br \/>\nIndirizzo: 4071 Hortob\u00e1gy, Hortob\u00e1gy Malomh\u00e1za&nbsp;<a href=\"https:\/\/dailynewshungary.com\/wp-content\/uploads\/2013\/09\/Hortob\u00e1gyi-Nemzeti-Park.jpg\" data-pswp-width=\"\" data-pswp-height=\"\" data-cropped=\"true\"><img loading=\"lazy\" decoding=\"async\" class=\"size-full wp-image-1051 alignright\" alt=\"Parco Hortob\u00e1gyi Nemzeti\" src=\"https:\/\/dailynewshungary.com\/wp-content\/uploads\/2013\/09\/Hortob\u00e1gyi-Nemzeti-Park.jpg\" width=\"214\" height=\"194\"><\/a><br \/>\nNumero di telefono: +3652589000<br \/>\nFax: +3652589321<br \/>\nE-mail: <span \n                data-original-string='fU3nRg0l7UP2A3CnS2pPGQ==dd1tEh\/qMp+1t7wigfCTJ8llA=='\n                class='apbct-email-encoder'\n                title='This contact has been encoded by Anti-Spam by CleanTalk. Click to decode. To finish the decoding make sure that JavaScript is enabled in your browser.'>in<span class=\"apbct-blur\">**<\/span>@<span class=\"apbct-blur\">*<\/span>np.hu<\/span><\/p>\n<p>Web: <a href=\"http:\/\/www.hnp.hu\" target=\"_blank\" rel=\"noopener\">http:\/\/www.hnp.hu<\/a><\/p>\n","protected":false},"excerpt":{"rendered":"<p>Nella Giornata internazionale degli animali nel Parco degli animali selvatici di Hortob\u00e1gy desideriamo attirare l&#8217;attenzione su tutti gli animali che vivono sulla Terra. Dettagli: Localit\u00e0: mulino di Hortob\u00e1gy Tipo: scientifico Inizio dell&#8217;evento: 05-10-2013 10:00:00 Fine dell&#8217;evento: 06-10-2013 14:00:00 Ammissione: Adulto: 1500 HUF\/Persona Bambino (3-18 anni)\/pensionato: 700 HUF\/Persona Agevolazioni di pagamento: Solo contanti Disabili accessibili: parzialmente [&hellip;]<\/p>\n","protected":false},"author":2,"featured_media":0,"comment_status":"open","ping_status":"open","sticky":false,"template":"","format":"standard","meta":{"_display_image":"","footnotes":""},"categories":[1304],"tags":[1112,1307],"class_list":["post-740260","post","type-post","status-publish","format-standard","hentry","category-cultura-in-ungheria","tag-animali","tag-evento"],"blocksy_meta":[],"author_username":"alk","telegram_post":"","public_post_metadata":{"breaking_news":"","important":"","csempe":"","center_tile":"","disable_thumbnail":"","target_lang":"","_featured_image_style":"","telegram_post":"","_xlat_group_id":""},"public_rank_math_data":{"title":"%titolo% %sep% %nomesito%","description":"","focus_keyword":"","canonical_url":"","robots":"","primary_category":"1304","breadcrumb_title":"","facebook_title":"","facebook_description":"","facebook_image":"","facebook_image_id":"","twitter_title":"","twitter_description":"","twitter_image":"","twitter_image_id":"","twitter_card_type":"","twitter_use_facebook":"","advanced_robots":"","pillar_content":"","seo_score":"","contentai_score":"","rich_snippet":""},"_links":{"self":[{"href":"https:\/\/dailynewshungary.com\/it\/wp-json\/wp\/v2\/posts\/740260","targetHints":{"allow":["GET"]}}],"collection":[{"href":"https:\/\/dailynewshungary.com\/it\/wp-json\/wp\/v2\/posts"}],"about":[{"href":"https:\/\/dailynewshungary.com\/it\/wp-json\/wp\/v2\/types\/post"}],"author":[{"embeddable":true,"href":"https:\/\/dailynewshungary.com\/it\/wp-json\/wp\/v2\/users\/2"}],"replies":[{"embeddable":true,"href":"https:\/\/dailynewshungary.com\/it\/wp-json\/wp\/v2\/comments?post=740260"}],"version-history":[{"count":0,"href":"https:\/\/dailynewshungary.com\/it\/wp-json\/wp\/v2\/posts\/740260\/revisions"}],"wp:attachment":[{"href":"https:\/\/dailynewshungary.com\/it\/wp-json\/wp\/v2\/media?parent=740260"}],"wp:term":[{"taxonomy":"category","embeddable":true,"href":"https:\/\/dailynewshungary.com\/it\/wp-json\/wp\/v2\/categories?post=740260"},{"taxonomy":"post_tag","embeddable":true,"href":"https:\/\/dailynewshungary.com\/it\/wp-json\/wp\/v2\/tags?post=740260"}],"curies":[{"name":"wp","href":"https:\/\/api.w.org\/{rel}","templated":true}]}}