{"id":740281,"date":"2013-09-13T21:57:55","date_gmt":"2013-09-13T19:57:55","guid":{"rendered":"https:\/\/dailynewshungary.com\/it\/centro-culturale-turco-e-stato-inaugurato-a-budapest\/"},"modified":"2013-09-13T21:57:55","modified_gmt":"2013-09-13T19:57:55","slug":"centro-culturale-turco-e-stato-inaugurato-a-budapest","status":"publish","type":"post","link":"https:\/\/dailynewshungary.com\/it\/centro-culturale-turco-e-stato-inaugurato-a-budapest\/","title":{"rendered":"Centro culturale turco \u00e8 stato inaugurato a Budapest"},"content":{"rendered":"<p><strong>L&#8217;istituto attende il pubblico interessato con lezioni frontali, concerti, proiezioni di film, conferenze, seminari, mostre di pittura e foto Accoglie tutti coloro che sono interessati alla Turchia, alla lingua, alla cultura, all&#8217;arte e alla storia turca.<\/strong><\/p>\n<p>Alla cerimonia di apertura del Centro Culturale Turco Yunus Emre hanno partecipato gioved\u00ec, tra gli altri, il ministro turco della Cultura e del Turismo \u00d6mer Celik, il ministro delle Risorse umane Zolt\u00e1n Balog, il presidente del professor Hayati Develi dell&#8217;Istituto Yunus Emre e il presidente di Jobbik G\u00e1bor Vona.<\/p>\n<p>La prima mostra centro culturale celebra turco (Wish) le relazioni ungheresi alla luce del periodo ottomano-ungherese, riflettendo sulle comuni esperienze storiche basate sulla tolleranza, l&#8217;amicizia e la cultura della coesistenza La mostra presenta 30 documenti che sono stati selezionati dall&#8217;Ufficio del Primo Ministro della Repubblica di Turchia Archivi di Stato.<\/p>\n<p>Leggi di pi\u00f9<a href=\"http:\/\/www.hungarianambiance.com\/2013\/09\/turkish-cultural-center-was-inaugurated.html\" target=\"_blank\" rel=\"noopener\"> QUI<\/a>.<\/p>\n<p><em>Foto: alfahir.hu<\/em><\/p>\n","protected":false},"excerpt":{"rendered":"<p>L&#8217;istituto attende il pubblico interessato con lezioni frontali, concerti, proiezioni di film, conferenze, seminari, mostre di pittura e foto Accoglie tutti coloro che sono interessati alla Turchia, alla lingua, alla cultura, all&#8217;arte e alla storia turca. Alla cerimonia di apertura del Centro Culturale Turco Yunus Emre hanno partecipato gioved\u00ec, tra gli altri, il ministro turco [&hellip;]<\/p>\n","protected":false},"author":2,"featured_media":740282,"comment_status":"open","ping_status":"open","sticky":false,"template":"","format":"standard","meta":{"_display_image":"","footnotes":""},"categories":[1304],"tags":[1086],"class_list":["post-740281","post","type-post","status-publish","format-standard","has-post-thumbnail","hentry","category-cultura-in-ungheria","tag-turchia"],"blocksy_meta":[],"author_username":"alk","telegram_post":"","public_post_metadata":{"breaking_news":"","important":"","csempe":"","center_tile":"","disable_thumbnail":"","target_lang":"","_featured_image_style":"","telegram_post":"","_xlat_group_id":""},"public_rank_math_data":{"title":"%titolo% %sep% %nomesito%","description":"","focus_keyword":"","canonical_url":"","robots":"","primary_category":"1304","breadcrumb_title":"","facebook_title":"","facebook_description":"","facebook_image":"","facebook_image_id":"","twitter_title":"","twitter_description":"","twitter_image":"","twitter_image_id":"","twitter_card_type":"","twitter_use_facebook":"","advanced_robots":"","pillar_content":"","seo_score":"","contentai_score":"","rich_snippet":""},"_links":{"self":[{"href":"https:\/\/dailynewshungary.com\/it\/wp-json\/wp\/v2\/posts\/740281","targetHints":{"allow":["GET"]}}],"collection":[{"href":"https:\/\/dailynewshungary.com\/it\/wp-json\/wp\/v2\/posts"}],"about":[{"href":"https:\/\/dailynewshungary.com\/it\/wp-json\/wp\/v2\/types\/post"}],"author":[{"embeddable":true,"href":"https:\/\/dailynewshungary.com\/it\/wp-json\/wp\/v2\/users\/2"}],"replies":[{"embeddable":true,"href":"https:\/\/dailynewshungary.com\/it\/wp-json\/wp\/v2\/comments?post=740281"}],"version-history":[{"count":0,"href":"https:\/\/dailynewshungary.com\/it\/wp-json\/wp\/v2\/posts\/740281\/revisions"}],"wp:featuredmedia":[{"embeddable":true,"href":"https:\/\/dailynewshungary.com\/it\/wp-json\/wp\/v2\/media\/740282"}],"wp:attachment":[{"href":"https:\/\/dailynewshungary.com\/it\/wp-json\/wp\/v2\/media?parent=740281"}],"wp:term":[{"taxonomy":"category","embeddable":true,"href":"https:\/\/dailynewshungary.com\/it\/wp-json\/wp\/v2\/categories?post=740281"},{"taxonomy":"post_tag","embeddable":true,"href":"https:\/\/dailynewshungary.com\/it\/wp-json\/wp\/v2\/tags?post=740281"}],"curies":[{"name":"wp","href":"https:\/\/api.w.org\/{rel}","templated":true}]}}