{"id":741697,"date":"2022-08-02T20:04:27","date_gmt":"2022-08-02T18:04:27","guid":{"rendered":"https:\/\/dailynewshungary.com\/it\/dk-di-sinistra-carenza-di-medici-di-base-allarmante\/"},"modified":"2022-08-02T20:04:27","modified_gmt":"2022-08-02T18:04:27","slug":"dk-di-sinistra-carenza-di-medici-di-base-allarmante","status":"publish","type":"post","link":"https:\/\/dailynewshungary.com\/it\/dk-di-sinistra-carenza-di-medici-di-base-allarmante\/","title":{"rendered":"DK di sinistra: carenza di medici di base \u201callarmante\u201d"},"content":{"rendered":"<div class=\"titleNews\">\n<p><strong>Opposizione <a href=\"https:\/\/dailynewshungary.com\/it\/la-grande-rapina-al-treno-britannico-come-una-banda-di-15-uomini-rubo-26-milioni-di-sterline-nel-1963\/\">Coalizione Democratica<\/a> (DK) il deputato Zolt\u00e1n Kom\u00e1romi ha detto marted\u00ec che in Ungheria c&#8217;\u00e8 stata un&#8217;allarmante carenza di medici di base.<\/strong><\/p>\n<p>Dati recenti della direzione ospedaliera nazionale mostrano che nel paese c&#8217;erano 1.093 posti medici non occupati, di cui 687 medici di base.<\/p>\n<p>Una parte significativa dei medici praticanti \u00e8 al di sopra dell&#8217;et\u00e0 pensionabile e il numero di studi medici di famiglia non occupati \u00e8 cresciuto del 60% negli ultimi tre anni, e il numero di persone rimaste senza uno studio medico di famiglia dell&#8217;80%, ha affermato.<\/p>\n<p>Kom\u00e1romi ha affermato che le politiche del regime di Orb\u00e1n negli ultimi 12 anni hanno portato a un enorme disastro sanitario.<\/p>\n<p>Ha criticato il fatto che l&#8217;area non fosse supervisionata da un ministero dedicato. Ha detto che il ministro degli Interni S\u00e1ndor Pint\u00e9r non sarebbe in grado di risolvere il problema dei medici scomparsi e che intere regioni sono rimaste senza un servizio sanitario regolare.<\/p>\n<p>Completamente 909.720 ungheresi vivono in aree senza medico di famiglia e 725.430 persone non ricevono cure dentistiche locali, ha aggiunto.<\/p>\n<p><a class=\"dnh-embed-link\" href=\"https:\/\/dailynewshungary.com\/it\/jobbik-il-governo-orban-rovina-il-settore-dellassistenza-sociale\/\"><\/p>\n<div class=\"dnh-embed\">\n<div class=\"dnh-embed-thumb\"><\/div>\n<h5 class=\"dnh-embed-title\"><span>Leggi anche<\/span>Jobbik: il governo Orb\u00e1n &#8220;rovina&#8221; il settore dell&#8217;assistenza sociale<\/h5>\n<\/div>\n<p><\/a>\n<\/div>\n","protected":false},"excerpt":{"rendered":"<p>Opposizione Coalizione Democratica (DK) il deputato Zolt\u00e1n Kom\u00e1romi ha detto marted\u00ec che in Ungheria c&#8217;\u00e8 stata un&#8217;allarmante carenza di medici di base. Dati recenti della direzione ospedaliera nazionale mostrano che nel paese c&#8217;erano 1.093 posti medici non occupati, di cui 687 medici di base. Una parte significativa dei medici praticanti \u00e8 al di sopra dell&#8217;et\u00e0 [&hellip;]<\/p>\n","protected":false},"author":2,"featured_media":0,"comment_status":"open","ping_status":"open","sticky":false,"template":"","format":"standard","meta":{"_display_image":"no","footnotes":""},"categories":[1185],"tags":[1093,1079,1196,1069],"class_list":["post-741697","post","type-post","status-publish","format-standard","hentry","category-politica-in-ungheria","tag-coalizione-democratica","tag-governo-ungherese","tag-sistema-sanitario-ungherese","tag-ungheria"],"blocksy_meta":[],"author_username":"alk","telegram_post":"","public_post_metadata":{"breaking_news":"","important":"","csempe":"","center_tile":"","disable_thumbnail":"","target_lang":"","_featured_image_style":"hidden","telegram_post":"","_xlat_group_id":""},"public_rank_math_data":{"title":"%titolo% %sep% %nomesito%","description":"Dati recenti della direzione ospedaliera nazionale mostrano che nel paese c'erano 1.093 posti di lavoro medici non occupati...","focus_keyword":"GP","canonical_url":"","robots":"","primary_category":"1185","breadcrumb_title":"","facebook_title":"","facebook_description":"","facebook_image":"","facebook_image_id":"","twitter_title":"","twitter_description":"","twitter_image":"","twitter_image_id":"","twitter_card_type":"","twitter_use_facebook":"","advanced_robots":"","pillar_content":"","seo_score":"66","contentai_score":"","rich_snippet":""},"_links":{"self":[{"href":"https:\/\/dailynewshungary.com\/it\/wp-json\/wp\/v2\/posts\/741697","targetHints":{"allow":["GET"]}}],"collection":[{"href":"https:\/\/dailynewshungary.com\/it\/wp-json\/wp\/v2\/posts"}],"about":[{"href":"https:\/\/dailynewshungary.com\/it\/wp-json\/wp\/v2\/types\/post"}],"author":[{"embeddable":true,"href":"https:\/\/dailynewshungary.com\/it\/wp-json\/wp\/v2\/users\/2"}],"replies":[{"embeddable":true,"href":"https:\/\/dailynewshungary.com\/it\/wp-json\/wp\/v2\/comments?post=741697"}],"version-history":[{"count":0,"href":"https:\/\/dailynewshungary.com\/it\/wp-json\/wp\/v2\/posts\/741697\/revisions"}],"wp:attachment":[{"href":"https:\/\/dailynewshungary.com\/it\/wp-json\/wp\/v2\/media?parent=741697"}],"wp:term":[{"taxonomy":"category","embeddable":true,"href":"https:\/\/dailynewshungary.com\/it\/wp-json\/wp\/v2\/categories?post=741697"},{"taxonomy":"post_tag","embeddable":true,"href":"https:\/\/dailynewshungary.com\/it\/wp-json\/wp\/v2\/tags?post=741697"}],"curies":[{"name":"wp","href":"https:\/\/api.w.org\/{rel}","templated":true}]}}